{"id":1,"date":"2020-02-21T07:18:46","date_gmt":"2020-02-21T07:18:46","guid":{"rendered":"http:\/\/shop.iturri.com\/blog\/?p=1"},"modified":"2022-05-20T09:09:23","modified_gmt":"2022-05-20T08:09:23","slug":"caidas-tercera-causa-muerte-2019","status":"publish","type":"post","link":"https:\/\/shop.iturri.com\/blog\/noticias\/caidas-tercera-causa-muerte-2019\/","title":{"rendered":"La ca\u00edda en altura fueron la tercera causa de accidente"},"content":{"rendered":"\n<p>En 2019 fallecieron 695 personas a causa de accidentes de trabajo, seg\u00fan los datos provisionales publicados este mes por el Ministerio de Trabajo. Los datos de 2019 no son directamente comparables con los de 2018 ya que los datos de 2019 tienen en cuenta de forma completa a los trabajadores aut\u00f3nomos debido a que partir del 1 de enero de 2019 es obligatoria la cobertura espec\u00edfica de accidentes de trabajo por la Seguridad Social para los afiliados al R\u00e9gimen Especial de Trabajadores Aut\u00f3nomos (RETA). La ca\u00edda en altura es la tercera causa m\u00e1s frecuente de muerte por accidente laboral en 2021.<\/p>\n\n\n\n<p>De estas 695 personas, 475 fallecieron durante su jornada laboral y 146 lo hicieron \u2018in itinere\u2019, cuando iban o regresaban de su puesto de trabajo. 621 de estas personas eran asalariados y 74 de ellos trabajadores aut\u00f3nomos.<\/p>\n\n\n\n<figure class=\"wp-block-image size-large\"><img loading=\"lazy\" decoding=\"async\" width=\"1024\" height=\"640\" src=\"https:\/\/shop.iturri.com\/blog\/wp-content\/uploads\/2020\/02\/man-cleaning-the-glass-of-building-756883-1024x640.jpg\" alt=\"ca\u00edda en altura\" class=\"wp-image-32\" srcset=\"https:\/\/shop.iturri.com\/blog\/wp-content\/uploads\/2020\/02\/man-cleaning-the-glass-of-building-756883-1024x640.jpg 1024w, https:\/\/shop.iturri.com\/blog\/wp-content\/uploads\/2020\/02\/man-cleaning-the-glass-of-building-756883-300x188.jpg 300w, https:\/\/shop.iturri.com\/blog\/wp-content\/uploads\/2020\/02\/man-cleaning-the-glass-of-building-756883-768x480.jpg 768w, https:\/\/shop.iturri.com\/blog\/wp-content\/uploads\/2020\/02\/man-cleaning-the-glass-of-building-756883-1536x960.jpg 1536w, https:\/\/shop.iturri.com\/blog\/wp-content\/uploads\/2020\/02\/man-cleaning-the-glass-of-building-756883-2048x1280.jpg 2048w\" sizes=\"auto, (max-width: 1024px) 100vw, 1024px\" \/><\/figure>\n\n\n\n<p>Un total de 85 personas murieron como consecuencia de una ca\u00edda en altura del trabajador, el 13% del total de los accidentes mortales, situando las ca\u00eddas en altura como tercera causa de accidente mortal m\u00e1s frecuente tras los accidentes de tr\u00e1fico y los infartos, derrames cerebrales y otras causas estrictamente naturales. Uno de cada tres accidentes mortales, no clasificado como de tr\u00e1fico o no traum\u00e1tico (infartos, derrames cerebrales, \u2026) se debe a una ca\u00edda en altura.<\/p>\n\n\n\n<p>Cabe recordar que el coste de las medidas preventivas que hubieran evitado el accidente estar\u00eda de media entre los 205\u20ac para accidentes leves y 1.585\u20ac para accidentes graves, muy graves y mortales (IRSAL, 2016).<\/p>\n\n\n\n<p><em>Fuente: Ministerio de Trabajo<\/em><\/p>\n\n\n\n<p>Disponer de un buen equipos antica\u00eddas es clave a la hora de evitar posibles accidentes laborales. En ITURRI disponemos de <a href=\"https:\/\/shop.iturri.com\/64-anticaidas\" target=\"_blank\" rel=\"noreferrer noopener\" aria-label=\"nuestra secci\u00f3n de equipos antica\u00eddas. (se abre en una nueva pesta\u00f1a)\">nuestra secci\u00f3n de equipos antica\u00eddas.<\/a> Con toda clase de arneses, mosquetones y cuerdas. <\/p>\n\n\n\n<p><\/p>\n","protected":false},"excerpt":{"rendered":"<p>En 2019 fallecieron 695 personas a causa de accidentes de trabajo, seg\u00fan los datos provisionales publicados este mes por el Ministerio de Trabajo. Los datos de 2019 no son directamente comparables con los de 2018 ya que los datos de 2019 tienen en cuenta de forma completa a los trabajadores aut\u00f3nomos debido a que partir [&hellip;]<\/p>\n","protected":false},"author":4,"featured_media":31,"comment_status":"open","ping_status":"open","sticky":false,"template":"","format":"standard","meta":{"footnotes":""},"categories":[6,9],"tags":[13,12],"class_list":["post-1","post","type-post","status-publish","format-standard","has-post-thumbnail","hentry","category-noticias","category-trabajoenaltura","tag-accidentes-laborales","tag-proteccion-contra-caidas-en-altura"],"yoast_head":"<!-- This site is optimized with the Yoast SEO plugin v27.3 - https:\/\/yoast.com\/product\/yoast-seo-wordpress\/ -->\n<title>La ca\u00edda en altura fueron la tercera causa de accidente - @ITURRI blog<\/title>\n<meta name=\"description\" content=\"La ca\u00edda en altura se convirti\u00f3 en 2019 en la tercera causa de muerte m\u00e1s frecuente en 2019. Echa un vistazo a todos nuestros equipos antica\u00eddas.\" \/>\n<meta name=\"robots\" content=\"index, follow, max-snippet:-1, max-image-preview:large, max-video-preview:-1\" \/>\n<link rel=\"canonical\" href=\"https:\/\/shop.iturri.com\/blog\/noticias\/caidas-tercera-causa-muerte-2019\/\" \/>\n<meta property=\"og:locale\" content=\"es_ES\" \/>\n<meta property=\"og:type\" content=\"article\" \/>\n<meta property=\"og:title\" content=\"La ca\u00edda en altura fueron la tercera causa de accidente - @ITURRI blog\" \/>\n<meta property=\"og:description\" content=\"La ca\u00edda en altura se convirti\u00f3 en 2019 en la tercera causa de muerte m\u00e1s frecuente en 2019. Echa un vistazo a todos nuestros equipos antica\u00eddas.\" \/>\n<meta property=\"og:url\" content=\"https:\/\/shop.iturri.com\/blog\/noticias\/caidas-tercera-causa-muerte-2019\/\" \/>\n<meta property=\"og:site_name\" content=\"@ITURRI blog\" \/>\n<meta property=\"article:published_time\" content=\"2020-02-21T07:18:46+00:00\" \/>\n<meta property=\"article:modified_time\" content=\"2022-05-20T08:09:23+00:00\" \/>\n<meta property=\"og:image\" content=\"https:\/\/shop.iturri.com\/blog\/wp-content\/uploads\/2020\/02\/man-wearing-blue-hard-hat-using-hammer-544966-scaled.jpg\" \/>\n\t<meta property=\"og:image:width\" content=\"2560\" \/>\n\t<meta property=\"og:image:height\" content=\"1706\" \/>\n\t<meta property=\"og:image:type\" content=\"image\/jpeg\" \/>\n<meta name=\"author\" content=\"Carlos Cruz\" \/>\n<meta name=\"twitter:card\" content=\"summary_large_image\" \/>\n<meta name=\"twitter:label1\" content=\"Escrito por\" \/>\n\t<meta name=\"twitter:data1\" content=\"Carlos Cruz\" \/>\n\t<meta name=\"twitter:label2\" content=\"Tiempo de lectura\" \/>\n\t<meta name=\"twitter:data2\" content=\"1 minuto\" \/>\n<script type=\"application\/ld+json\" class=\"yoast-schema-graph\">{\"@context\":\"https:\\\/\\\/schema.org\",\"@graph\":[{\"@type\":\"Article\",\"@id\":\"https:\\\/\\\/shop.iturri.com\\\/blog\\\/noticias\\\/caidas-tercera-causa-muerte-2019\\\/#article\",\"isPartOf\":{\"@id\":\"https:\\\/\\\/shop.iturri.com\\\/blog\\\/noticias\\\/caidas-tercera-causa-muerte-2019\\\/\"},\"author\":{\"name\":\"Carlos Cruz\",\"@id\":\"https:\\\/\\\/shop.iturri.com\\\/blog\\\/#\\\/schema\\\/person\\\/a78be4982ea72efac1374da27e27770e\"},\"headline\":\"La ca\u00edda en altura fueron la tercera causa de accidente\",\"datePublished\":\"2020-02-21T07:18:46+00:00\",\"dateModified\":\"2022-05-20T08:09:23+00:00\",\"mainEntityOfPage\":{\"@id\":\"https:\\\/\\\/shop.iturri.com\\\/blog\\\/noticias\\\/caidas-tercera-causa-muerte-2019\\\/\"},\"wordCount\":296,\"commentCount\":0,\"image\":{\"@id\":\"https:\\\/\\\/shop.iturri.com\\\/blog\\\/noticias\\\/caidas-tercera-causa-muerte-2019\\\/#primaryimage\"},\"thumbnailUrl\":\"https:\\\/\\\/shop.iturri.com\\\/blog\\\/wp-content\\\/uploads\\\/2020\\\/02\\\/man-wearing-blue-hard-hat-using-hammer-544966-scaled.jpg\",\"keywords\":[\"Accidentes laborales\",\"Protecci\u00f3n contra ca\u00eddas en altura\"],\"articleSection\":[\"Noticias\",\"Trabajo en altura\"],\"inLanguage\":\"es\",\"potentialAction\":[{\"@type\":\"CommentAction\",\"name\":\"Comment\",\"target\":[\"https:\\\/\\\/shop.iturri.com\\\/blog\\\/noticias\\\/caidas-tercera-causa-muerte-2019\\\/#respond\"]}]},{\"@type\":\"WebPage\",\"@id\":\"https:\\\/\\\/shop.iturri.com\\\/blog\\\/noticias\\\/caidas-tercera-causa-muerte-2019\\\/\",\"url\":\"https:\\\/\\\/shop.iturri.com\\\/blog\\\/noticias\\\/caidas-tercera-causa-muerte-2019\\\/\",\"name\":\"La ca\u00edda en altura fueron la tercera causa de accidente - @ITURRI blog\",\"isPartOf\":{\"@id\":\"https:\\\/\\\/shop.iturri.com\\\/blog\\\/#website\"},\"primaryImageOfPage\":{\"@id\":\"https:\\\/\\\/shop.iturri.com\\\/blog\\\/noticias\\\/caidas-tercera-causa-muerte-2019\\\/#primaryimage\"},\"image\":{\"@id\":\"https:\\\/\\\/shop.iturri.com\\\/blog\\\/noticias\\\/caidas-tercera-causa-muerte-2019\\\/#primaryimage\"},\"thumbnailUrl\":\"https:\\\/\\\/shop.iturri.com\\\/blog\\\/wp-content\\\/uploads\\\/2020\\\/02\\\/man-wearing-blue-hard-hat-using-hammer-544966-scaled.jpg\",\"datePublished\":\"2020-02-21T07:18:46+00:00\",\"dateModified\":\"2022-05-20T08:09:23+00:00\",\"author\":{\"@id\":\"https:\\\/\\\/shop.iturri.com\\\/blog\\\/#\\\/schema\\\/person\\\/a78be4982ea72efac1374da27e27770e\"},\"description\":\"La ca\u00edda en altura se convirti\u00f3 en 2019 en la tercera causa de muerte m\u00e1s frecuente en 2019. Echa un vistazo a todos nuestros equipos antica\u00eddas.\",\"breadcrumb\":{\"@id\":\"https:\\\/\\\/shop.iturri.com\\\/blog\\\/noticias\\\/caidas-tercera-causa-muerte-2019\\\/#breadcrumb\"},\"inLanguage\":\"es\",\"potentialAction\":[{\"@type\":\"ReadAction\",\"target\":[\"https:\\\/\\\/shop.iturri.com\\\/blog\\\/noticias\\\/caidas-tercera-causa-muerte-2019\\\/\"]}]},{\"@type\":\"ImageObject\",\"inLanguage\":\"es\",\"@id\":\"https:\\\/\\\/shop.iturri.com\\\/blog\\\/noticias\\\/caidas-tercera-causa-muerte-2019\\\/#primaryimage\",\"url\":\"https:\\\/\\\/shop.iturri.com\\\/blog\\\/wp-content\\\/uploads\\\/2020\\\/02\\\/man-wearing-blue-hard-hat-using-hammer-544966-scaled.jpg\",\"contentUrl\":\"https:\\\/\\\/shop.iturri.com\\\/blog\\\/wp-content\\\/uploads\\\/2020\\\/02\\\/man-wearing-blue-hard-hat-using-hammer-544966-scaled.jpg\",\"width\":2560,\"height\":1706,\"caption\":\"caidas tercera causa muerte\"},{\"@type\":\"BreadcrumbList\",\"@id\":\"https:\\\/\\\/shop.iturri.com\\\/blog\\\/noticias\\\/caidas-tercera-causa-muerte-2019\\\/#breadcrumb\",\"itemListElement\":[{\"@type\":\"ListItem\",\"position\":1,\"name\":\"Portada\",\"item\":\"https:\\\/\\\/shop.iturri.com\\\/blog\\\/\"},{\"@type\":\"ListItem\",\"position\":2,\"name\":\"La ca\u00edda en altura fueron la tercera causa de accidente\"}]},{\"@type\":\"WebSite\",\"@id\":\"https:\\\/\\\/shop.iturri.com\\\/blog\\\/#website\",\"url\":\"https:\\\/\\\/shop.iturri.com\\\/blog\\\/\",\"name\":\"@ITURRI blog\",\"description\":\"Blog dedicado a poner en valor los 70 a\u00f1os de experiencia en la protecci\u00f3n de las personas\",\"potentialAction\":[{\"@type\":\"SearchAction\",\"target\":{\"@type\":\"EntryPoint\",\"urlTemplate\":\"https:\\\/\\\/shop.iturri.com\\\/blog\\\/?s={search_term_string}\"},\"query-input\":{\"@type\":\"PropertyValueSpecification\",\"valueRequired\":true,\"valueName\":\"search_term_string\"}}],\"inLanguage\":\"es\"},{\"@type\":\"Person\",\"@id\":\"https:\\\/\\\/shop.iturri.com\\\/blog\\\/#\\\/schema\\\/person\\\/a78be4982ea72efac1374da27e27770e\",\"name\":\"Carlos Cruz\",\"image\":{\"@type\":\"ImageObject\",\"inLanguage\":\"es\",\"@id\":\"https:\\\/\\\/secure.gravatar.com\\\/avatar\\\/828a44173195dc288e87ff01730a9ceb9980854ec4716b133e27d0c814cb7930?s=96&d=mm&r=g\",\"url\":\"https:\\\/\\\/secure.gravatar.com\\\/avatar\\\/828a44173195dc288e87ff01730a9ceb9980854ec4716b133e27d0c814cb7930?s=96&d=mm&r=g\",\"contentUrl\":\"https:\\\/\\\/secure.gravatar.com\\\/avatar\\\/828a44173195dc288e87ff01730a9ceb9980854ec4716b133e27d0c814cb7930?s=96&d=mm&r=g\",\"caption\":\"Carlos Cruz\"},\"description\":\"Responsable de Innovaci\u00f3n en Iturri. Especialista en Protecci\u00f3n contra ca\u00eddas en altura y trabajos en altura. Ingeniero Industrial y T\u00e9cnico Superior en Prevenci\u00f3n de Riesgos Laborales.\",\"sameAs\":[\"https:\\\/\\\/www.linkedin.com\\\/in\\\/carloscruzengineer\\\/\"],\"url\":\"https:\\\/\\\/shop.iturri.com\\\/blog\\\/author\\\/carlos-cruz\\\/\"}]}<\/script>\n<!-- \/ Yoast SEO plugin. -->","yoast_head_json":{"title":"La ca\u00edda en altura fueron la tercera causa de accidente - @ITURRI blog","description":"La ca\u00edda en altura se convirti\u00f3 en 2019 en la tercera causa de muerte m\u00e1s frecuente en 2019. Echa un vistazo a todos nuestros equipos antica\u00eddas.","robots":{"index":"index","follow":"follow","max-snippet":"max-snippet:-1","max-image-preview":"max-image-preview:large","max-video-preview":"max-video-preview:-1"},"canonical":"https:\/\/shop.iturri.com\/blog\/noticias\/caidas-tercera-causa-muerte-2019\/","og_locale":"es_ES","og_type":"article","og_title":"La ca\u00edda en altura fueron la tercera causa de accidente - @ITURRI blog","og_description":"La ca\u00edda en altura se convirti\u00f3 en 2019 en la tercera causa de muerte m\u00e1s frecuente en 2019. Echa un vistazo a todos nuestros equipos antica\u00eddas.","og_url":"https:\/\/shop.iturri.com\/blog\/noticias\/caidas-tercera-causa-muerte-2019\/","og_site_name":"@ITURRI blog","article_published_time":"2020-02-21T07:18:46+00:00","article_modified_time":"2022-05-20T08:09:23+00:00","og_image":[{"width":2560,"height":1706,"url":"https:\/\/shop.iturri.com\/blog\/wp-content\/uploads\/2020\/02\/man-wearing-blue-hard-hat-using-hammer-544966-scaled.jpg","type":"image\/jpeg"}],"author":"Carlos Cruz","twitter_card":"summary_large_image","twitter_misc":{"Escrito por":"Carlos Cruz","Tiempo de lectura":"1 minuto"},"schema":{"@context":"https:\/\/schema.org","@graph":[{"@type":"Article","@id":"https:\/\/shop.iturri.com\/blog\/noticias\/caidas-tercera-causa-muerte-2019\/#article","isPartOf":{"@id":"https:\/\/shop.iturri.com\/blog\/noticias\/caidas-tercera-causa-muerte-2019\/"},"author":{"name":"Carlos Cruz","@id":"https:\/\/shop.iturri.com\/blog\/#\/schema\/person\/a78be4982ea72efac1374da27e27770e"},"headline":"La ca\u00edda en altura fueron la tercera causa de accidente","datePublished":"2020-02-21T07:18:46+00:00","dateModified":"2022-05-20T08:09:23+00:00","mainEntityOfPage":{"@id":"https:\/\/shop.iturri.com\/blog\/noticias\/caidas-tercera-causa-muerte-2019\/"},"wordCount":296,"commentCount":0,"image":{"@id":"https:\/\/shop.iturri.com\/blog\/noticias\/caidas-tercera-causa-muerte-2019\/#primaryimage"},"thumbnailUrl":"https:\/\/shop.iturri.com\/blog\/wp-content\/uploads\/2020\/02\/man-wearing-blue-hard-hat-using-hammer-544966-scaled.jpg","keywords":["Accidentes laborales","Protecci\u00f3n contra ca\u00eddas en altura"],"articleSection":["Noticias","Trabajo en altura"],"inLanguage":"es","potentialAction":[{"@type":"CommentAction","name":"Comment","target":["https:\/\/shop.iturri.com\/blog\/noticias\/caidas-tercera-causa-muerte-2019\/#respond"]}]},{"@type":"WebPage","@id":"https:\/\/shop.iturri.com\/blog\/noticias\/caidas-tercera-causa-muerte-2019\/","url":"https:\/\/shop.iturri.com\/blog\/noticias\/caidas-tercera-causa-muerte-2019\/","name":"La ca\u00edda en altura fueron la tercera causa de accidente - @ITURRI blog","isPartOf":{"@id":"https:\/\/shop.iturri.com\/blog\/#website"},"primaryImageOfPage":{"@id":"https:\/\/shop.iturri.com\/blog\/noticias\/caidas-tercera-causa-muerte-2019\/#primaryimage"},"image":{"@id":"https:\/\/shop.iturri.com\/blog\/noticias\/caidas-tercera-causa-muerte-2019\/#primaryimage"},"thumbnailUrl":"https:\/\/shop.iturri.com\/blog\/wp-content\/uploads\/2020\/02\/man-wearing-blue-hard-hat-using-hammer-544966-scaled.jpg","datePublished":"2020-02-21T07:18:46+00:00","dateModified":"2022-05-20T08:09:23+00:00","author":{"@id":"https:\/\/shop.iturri.com\/blog\/#\/schema\/person\/a78be4982ea72efac1374da27e27770e"},"description":"La ca\u00edda en altura se convirti\u00f3 en 2019 en la tercera causa de muerte m\u00e1s frecuente en 2019. Echa un vistazo a todos nuestros equipos antica\u00eddas.","breadcrumb":{"@id":"https:\/\/shop.iturri.com\/blog\/noticias\/caidas-tercera-causa-muerte-2019\/#breadcrumb"},"inLanguage":"es","potentialAction":[{"@type":"ReadAction","target":["https:\/\/shop.iturri.com\/blog\/noticias\/caidas-tercera-causa-muerte-2019\/"]}]},{"@type":"ImageObject","inLanguage":"es","@id":"https:\/\/shop.iturri.com\/blog\/noticias\/caidas-tercera-causa-muerte-2019\/#primaryimage","url":"https:\/\/shop.iturri.com\/blog\/wp-content\/uploads\/2020\/02\/man-wearing-blue-hard-hat-using-hammer-544966-scaled.jpg","contentUrl":"https:\/\/shop.iturri.com\/blog\/wp-content\/uploads\/2020\/02\/man-wearing-blue-hard-hat-using-hammer-544966-scaled.jpg","width":2560,"height":1706,"caption":"caidas tercera causa muerte"},{"@type":"BreadcrumbList","@id":"https:\/\/shop.iturri.com\/blog\/noticias\/caidas-tercera-causa-muerte-2019\/#breadcrumb","itemListElement":[{"@type":"ListItem","position":1,"name":"Portada","item":"https:\/\/shop.iturri.com\/blog\/"},{"@type":"ListItem","position":2,"name":"La ca\u00edda en altura fueron la tercera causa de accidente"}]},{"@type":"WebSite","@id":"https:\/\/shop.iturri.com\/blog\/#website","url":"https:\/\/shop.iturri.com\/blog\/","name":"@ITURRI blog","description":"Blog dedicado a poner en valor los 70 a\u00f1os de experiencia en la protecci\u00f3n de las personas","potentialAction":[{"@type":"SearchAction","target":{"@type":"EntryPoint","urlTemplate":"https:\/\/shop.iturri.com\/blog\/?s={search_term_string}"},"query-input":{"@type":"PropertyValueSpecification","valueRequired":true,"valueName":"search_term_string"}}],"inLanguage":"es"},{"@type":"Person","@id":"https:\/\/shop.iturri.com\/blog\/#\/schema\/person\/a78be4982ea72efac1374da27e27770e","name":"Carlos Cruz","image":{"@type":"ImageObject","inLanguage":"es","@id":"https:\/\/secure.gravatar.com\/avatar\/828a44173195dc288e87ff01730a9ceb9980854ec4716b133e27d0c814cb7930?s=96&d=mm&r=g","url":"https:\/\/secure.gravatar.com\/avatar\/828a44173195dc288e87ff01730a9ceb9980854ec4716b133e27d0c814cb7930?s=96&d=mm&r=g","contentUrl":"https:\/\/secure.gravatar.com\/avatar\/828a44173195dc288e87ff01730a9ceb9980854ec4716b133e27d0c814cb7930?s=96&d=mm&r=g","caption":"Carlos Cruz"},"description":"Responsable de Innovaci\u00f3n en Iturri. Especialista en Protecci\u00f3n contra ca\u00eddas en altura y trabajos en altura. Ingeniero Industrial y T\u00e9cnico Superior en Prevenci\u00f3n de Riesgos Laborales.","sameAs":["https:\/\/www.linkedin.com\/in\/carloscruzengineer\/"],"url":"https:\/\/shop.iturri.com\/blog\/author\/carlos-cruz\/"}]}},"_links":{"self":[{"href":"https:\/\/shop.iturri.com\/blog\/wp-json\/wp\/v2\/posts\/1","targetHints":{"allow":["GET"]}}],"collection":[{"href":"https:\/\/shop.iturri.com\/blog\/wp-json\/wp\/v2\/posts"}],"about":[{"href":"https:\/\/shop.iturri.com\/blog\/wp-json\/wp\/v2\/types\/post"}],"author":[{"embeddable":true,"href":"https:\/\/shop.iturri.com\/blog\/wp-json\/wp\/v2\/users\/4"}],"replies":[{"embeddable":true,"href":"https:\/\/shop.iturri.com\/blog\/wp-json\/wp\/v2\/comments?post=1"}],"version-history":[{"count":7,"href":"https:\/\/shop.iturri.com\/blog\/wp-json\/wp\/v2\/posts\/1\/revisions"}],"predecessor-version":[{"id":1279,"href":"https:\/\/shop.iturri.com\/blog\/wp-json\/wp\/v2\/posts\/1\/revisions\/1279"}],"wp:featuredmedia":[{"embeddable":true,"href":"https:\/\/shop.iturri.com\/blog\/wp-json\/wp\/v2\/media\/31"}],"wp:attachment":[{"href":"https:\/\/shop.iturri.com\/blog\/wp-json\/wp\/v2\/media?parent=1"}],"wp:term":[{"taxonomy":"category","embeddable":true,"href":"https:\/\/shop.iturri.com\/blog\/wp-json\/wp\/v2\/categories?post=1"},{"taxonomy":"post_tag","embeddable":true,"href":"https:\/\/shop.iturri.com\/blog\/wp-json\/wp\/v2\/tags?post=1"}],"curies":[{"name":"wp","href":"https:\/\/api.w.org\/{rel}","templated":true}]}}