{"id":227,"date":"2020-05-07T11:08:01","date_gmt":"2020-05-07T10:08:01","guid":{"rendered":"http:\/\/shop.iturri.com\/blog\/?p=227"},"modified":"2021-06-28T07:54:01","modified_gmt":"2021-06-28T06:54:01","slug":"webinar-mascarillas-proteccion-preguntas-respuestas-ii","status":"publish","type":"post","link":"https:\/\/shop.iturri.com\/blog\/epi\/webinar-mascarillas-proteccion-preguntas-respuestas-ii\/","title":{"rendered":"Mascarillas de protecci\u00f3n: preguntas y respuestas (y II)"},"content":{"rendered":"\n<p>Continuaci\u00f3n de las preguntas y respuestas del webinar &#8216;<a href=\"https:\/\/shop.iturri.com\/blog\/mascarillas\/webinar-mascarillas-proteccion-preguntas-respuestas\/\">Mascarillas de protecci\u00f3n: No todo vale&#8217;<\/a> celebrado el pasado el pasado 5 de mayo. Nuestros compa\u00f1eros de <a href=\"http:\/\/www.iturri.com\" target=\"_blank\" rel=\"noreferrer noopener\" aria-label=\"ITURRI  (se abre en una nueva pesta\u00f1a)\">ITURRI <\/a>han respondido las que no pudimos atender durante la sesi\u00f3n:<\/p>\n\n\n\n<h4 class=\"wp-block-heading\">\u00bfCu\u00e1l es la obligaci\u00f3n o vuestra recomendaci\u00f3n ante trabajos de oficina con atenci\u00f3n a clientes presenciales?<\/h4>\n\n\n\n<p>Un EPI es la mejor protecci\u00f3n para este tipo de trabajo con contacto m\u00faltiple y frecuente, y siempre manteniendo la distancia.<\/p>\n\n\n\n<h4 class=\"wp-block-heading\">\u00bfEl proceso m\u00e1s importante ser\u00eda solicitar (exigir) la documentaci\u00f3n del fabricante y laboratorio a la empresa que me lo suministra, y revisar nosotros en los diferentes listados NANDO y CNAS, que esos laboratorios est\u00e1n acreditados?<\/h4>\n\n\n\n<p>S\u00ed, ser\u00eda lo m\u00e1s deseable.<\/p>\n\n\n\n<h4 class=\"wp-block-heading\">Para compra privada de mascarillas EPI sin marcado CE y con KN95, \u00bfqui\u00e9n debe solicitar la autorizaci\u00f3n temporal a la Autoridad de Vigilancia del Mercado? \u00bfC\u00f3mo se solicita? \u00bfEsta autorizaci\u00f3n tiene documentaci\u00f3n asociada para poder verificarla como comprador?<\/h4>\n\n\n\n<p>El importador en que la pone a disposici\u00f3n en el mercado, tr\u00e1mite ante cada organismo de vigilancia del mercado auton\u00f3mico, si debe presentar lo requerido en la resoluci\u00f3n de Industria del 20 de marzo y 25 de abril, este organismo puede solicitar apoyo t\u00e9cnico en la validaci\u00f3n de un Organismo Notificado.<\/p>\n\n\n\n<h4 class=\"wp-block-heading\">\u00bfLas mascarillas quir\u00fargicas deben pasar alg\u00fan tipo de certificaci\u00f3n?<\/h4>\n\n\n\n<p>No, no requieren una certificaci\u00f3n si cumplen con la directiva 93\/42 CE y ensayo seg\u00fan EN14683.<\/p>\n\n\n\n<h4 class=\"wp-block-heading\">La certificaci\u00f3n del Organismo Nacional de cualquier pa\u00eds europeo, \u00bfsirve para comercializar una mascarilla KN95 en cualquier pa\u00eds europeo?<\/h4>\n\n\n\n<p>S\u00ed, correcto.<\/p>\n\n\n\n<h4 class=\"wp-block-heading\">Mascarillas quir\u00fargicas, OK; pero \u00bfy las higi\u00e9nicas de uso civil como en el transporte p\u00fablico? En una empresa, si todos usan las higi\u00e9nicas, \u00bfel virus no se extiende y por lo tanto la necesidad de desinfecci\u00f3n ser\u00eda menor?<\/h4>\n\n\n\n<p>La mascarilla higi\u00e9nica est\u00e1 destinada a personas adultas sin s\u00edntomas que no sean susceptibles de utilizar mascarillas quir\u00fargicas ni m\u00e1scaras filtrantes de protecci\u00f3n contra part\u00edculas, seg\u00fan las medidas establecidas en el documento t\u00e9cnico &#8216;Prevenci\u00f3n y control de la infecci\u00f3n en el manejo de pacientes con COVD-19&#8217; publicado por el Ministerio de Sanidad.<\/p>\n","protected":false},"excerpt":{"rendered":"<p>Respuestas a las preguntas del webinar &#8216;Mascarillas de protecci\u00f3n: No todo vale&#8217; respondidas por expertos de ITURRI en Equipos de Protecci\u00f3n Individual.<\/p>\n","protected":false},"author":3,"featured_media":223,"comment_status":"open","ping_status":"open","sticky":false,"template":"","format":"standard","meta":{"footnotes":""},"categories":[22,28],"tags":[14,17,51,40],"class_list":["post-227","post","type-post","status-publish","format-standard","has-post-thumbnail","hentry","category-epi","category-mascarillas","tag-epi","tag-iturri","tag-mascarillas-de-proteccion","tag-webinar"],"yoast_head":"<!-- This site is optimized with the Yoast SEO plugin v27.3 - https:\/\/yoast.com\/product\/yoast-seo-wordpress\/ -->\n<title>Mascarillas de protecci\u00f3n: preguntas y respuestas (y II) - @ITURRI blog<\/title>\n<meta name=\"description\" content=\"Los expertos de Equipos de Protecci\u00f3n Individual, responden a m\u00e1s preguntas y dudas sobre el uso de mascarillas\" \/>\n<meta name=\"robots\" content=\"index, follow, max-snippet:-1, max-image-preview:large, max-video-preview:-1\" \/>\n<link rel=\"canonical\" href=\"https:\/\/shop.iturri.com\/blog\/epi\/webinar-mascarillas-proteccion-preguntas-respuestas-ii\/\" \/>\n<meta property=\"og:locale\" content=\"es_ES\" \/>\n<meta property=\"og:type\" content=\"article\" \/>\n<meta property=\"og:title\" content=\"Mascarillas de protecci\u00f3n: preguntas y respuestas (y II) - @ITURRI blog\" \/>\n<meta property=\"og:description\" content=\"Los expertos de Equipos de Protecci\u00f3n Individual, responden a m\u00e1s preguntas y dudas sobre el uso de mascarillas\" \/>\n<meta property=\"og:url\" content=\"https:\/\/shop.iturri.com\/blog\/epi\/webinar-mascarillas-proteccion-preguntas-respuestas-ii\/\" \/>\n<meta property=\"og:site_name\" content=\"@ITURRI blog\" \/>\n<meta property=\"article:published_time\" content=\"2020-05-07T10:08:01+00:00\" \/>\n<meta property=\"article:modified_time\" content=\"2021-06-28T06:54:01+00:00\" \/>\n<meta property=\"og:image\" content=\"https:\/\/shop.iturri.com\/blog\/wp-content\/uploads\/2020\/05\/ITURRI_Webinar_Mascarillas_RRSS_LK.png\" \/>\n\t<meta property=\"og:image:width\" content=\"800\" \/>\n\t<meta property=\"og:image:height\" content=\"415\" \/>\n\t<meta property=\"og:image:type\" content=\"image\/png\" \/>\n<meta name=\"author\" content=\"ITURRI Shop\" \/>\n<meta name=\"twitter:card\" content=\"summary_large_image\" \/>\n<meta name=\"twitter:label1\" content=\"Escrito por\" \/>\n\t<meta name=\"twitter:data1\" content=\"ITURRI Shop\" \/>\n\t<meta name=\"twitter:label2\" content=\"Tiempo de lectura\" \/>\n\t<meta name=\"twitter:data2\" content=\"2 minutos\" \/>\n<script type=\"application\/ld+json\" class=\"yoast-schema-graph\">{\"@context\":\"https:\\\/\\\/schema.org\",\"@graph\":[{\"@type\":\"Article\",\"@id\":\"https:\\\/\\\/shop.iturri.com\\\/blog\\\/epi\\\/webinar-mascarillas-proteccion-preguntas-respuestas-ii\\\/#article\",\"isPartOf\":{\"@id\":\"https:\\\/\\\/shop.iturri.com\\\/blog\\\/epi\\\/webinar-mascarillas-proteccion-preguntas-respuestas-ii\\\/\"},\"author\":{\"name\":\"ITURRI Shop\",\"@id\":\"https:\\\/\\\/shop.iturri.com\\\/blog\\\/#\\\/schema\\\/person\\\/975e12acfab2a727ffa0e7bafff838b5\"},\"headline\":\"Mascarillas de protecci\u00f3n: preguntas y respuestas (y II)\",\"datePublished\":\"2020-05-07T10:08:01+00:00\",\"dateModified\":\"2021-06-28T06:54:01+00:00\",\"mainEntityOfPage\":{\"@id\":\"https:\\\/\\\/shop.iturri.com\\\/blog\\\/epi\\\/webinar-mascarillas-proteccion-preguntas-respuestas-ii\\\/\"},\"wordCount\":394,\"commentCount\":0,\"image\":{\"@id\":\"https:\\\/\\\/shop.iturri.com\\\/blog\\\/epi\\\/webinar-mascarillas-proteccion-preguntas-respuestas-ii\\\/#primaryimage\"},\"thumbnailUrl\":\"https:\\\/\\\/shop.iturri.com\\\/blog\\\/wp-content\\\/uploads\\\/2020\\\/05\\\/ITURRI_Webinar_Mascarillas_RRSS_LK.png\",\"keywords\":[\"EPI\",\"Iturri\",\"mascarillas de protecci\u00f3n\",\"webinar\"],\"articleSection\":[\"EPI\",\"Mascarillas\"],\"inLanguage\":\"es\",\"potentialAction\":[{\"@type\":\"CommentAction\",\"name\":\"Comment\",\"target\":[\"https:\\\/\\\/shop.iturri.com\\\/blog\\\/epi\\\/webinar-mascarillas-proteccion-preguntas-respuestas-ii\\\/#respond\"]}]},{\"@type\":\"WebPage\",\"@id\":\"https:\\\/\\\/shop.iturri.com\\\/blog\\\/epi\\\/webinar-mascarillas-proteccion-preguntas-respuestas-ii\\\/\",\"url\":\"https:\\\/\\\/shop.iturri.com\\\/blog\\\/epi\\\/webinar-mascarillas-proteccion-preguntas-respuestas-ii\\\/\",\"name\":\"Mascarillas de protecci\u00f3n: preguntas y respuestas (y II) - @ITURRI blog\",\"isPartOf\":{\"@id\":\"https:\\\/\\\/shop.iturri.com\\\/blog\\\/#website\"},\"primaryImageOfPage\":{\"@id\":\"https:\\\/\\\/shop.iturri.com\\\/blog\\\/epi\\\/webinar-mascarillas-proteccion-preguntas-respuestas-ii\\\/#primaryimage\"},\"image\":{\"@id\":\"https:\\\/\\\/shop.iturri.com\\\/blog\\\/epi\\\/webinar-mascarillas-proteccion-preguntas-respuestas-ii\\\/#primaryimage\"},\"thumbnailUrl\":\"https:\\\/\\\/shop.iturri.com\\\/blog\\\/wp-content\\\/uploads\\\/2020\\\/05\\\/ITURRI_Webinar_Mascarillas_RRSS_LK.png\",\"datePublished\":\"2020-05-07T10:08:01+00:00\",\"dateModified\":\"2021-06-28T06:54:01+00:00\",\"author\":{\"@id\":\"https:\\\/\\\/shop.iturri.com\\\/blog\\\/#\\\/schema\\\/person\\\/975e12acfab2a727ffa0e7bafff838b5\"},\"description\":\"Los expertos de Equipos de Protecci\u00f3n Individual, responden a m\u00e1s preguntas y dudas sobre el uso de mascarillas\",\"breadcrumb\":{\"@id\":\"https:\\\/\\\/shop.iturri.com\\\/blog\\\/epi\\\/webinar-mascarillas-proteccion-preguntas-respuestas-ii\\\/#breadcrumb\"},\"inLanguage\":\"es\",\"potentialAction\":[{\"@type\":\"ReadAction\",\"target\":[\"https:\\\/\\\/shop.iturri.com\\\/blog\\\/epi\\\/webinar-mascarillas-proteccion-preguntas-respuestas-ii\\\/\"]}]},{\"@type\":\"ImageObject\",\"inLanguage\":\"es\",\"@id\":\"https:\\\/\\\/shop.iturri.com\\\/blog\\\/epi\\\/webinar-mascarillas-proteccion-preguntas-respuestas-ii\\\/#primaryimage\",\"url\":\"https:\\\/\\\/shop.iturri.com\\\/blog\\\/wp-content\\\/uploads\\\/2020\\\/05\\\/ITURRI_Webinar_Mascarillas_RRSS_LK.png\",\"contentUrl\":\"https:\\\/\\\/shop.iturri.com\\\/blog\\\/wp-content\\\/uploads\\\/2020\\\/05\\\/ITURRI_Webinar_Mascarillas_RRSS_LK.png\",\"width\":800,\"height\":415},{\"@type\":\"BreadcrumbList\",\"@id\":\"https:\\\/\\\/shop.iturri.com\\\/blog\\\/epi\\\/webinar-mascarillas-proteccion-preguntas-respuestas-ii\\\/#breadcrumb\",\"itemListElement\":[{\"@type\":\"ListItem\",\"position\":1,\"name\":\"Portada\",\"item\":\"https:\\\/\\\/shop.iturri.com\\\/blog\\\/\"},{\"@type\":\"ListItem\",\"position\":2,\"name\":\"Mascarillas de protecci\u00f3n: preguntas y respuestas (y II)\"}]},{\"@type\":\"WebSite\",\"@id\":\"https:\\\/\\\/shop.iturri.com\\\/blog\\\/#website\",\"url\":\"https:\\\/\\\/shop.iturri.com\\\/blog\\\/\",\"name\":\"@ITURRI blog\",\"description\":\"Blog dedicado a poner en valor los 70 a\u00f1os de experiencia en la protecci\u00f3n de las personas\",\"potentialAction\":[{\"@type\":\"SearchAction\",\"target\":{\"@type\":\"EntryPoint\",\"urlTemplate\":\"https:\\\/\\\/shop.iturri.com\\\/blog\\\/?s={search_term_string}\"},\"query-input\":{\"@type\":\"PropertyValueSpecification\",\"valueRequired\":true,\"valueName\":\"search_term_string\"}}],\"inLanguage\":\"es\"},{\"@type\":\"Person\",\"@id\":\"https:\\\/\\\/shop.iturri.com\\\/blog\\\/#\\\/schema\\\/person\\\/975e12acfab2a727ffa0e7bafff838b5\",\"name\":\"ITURRI Shop\",\"image\":{\"@type\":\"ImageObject\",\"inLanguage\":\"es\",\"@id\":\"https:\\\/\\\/secure.gravatar.com\\\/avatar\\\/4650b17362908b3d94440d43209d01fad7dd9f320a7c1c25074ac2f8abde5322?s=96&d=mm&r=g\",\"url\":\"https:\\\/\\\/secure.gravatar.com\\\/avatar\\\/4650b17362908b3d94440d43209d01fad7dd9f320a7c1c25074ac2f8abde5322?s=96&d=mm&r=g\",\"contentUrl\":\"https:\\\/\\\/secure.gravatar.com\\\/avatar\\\/4650b17362908b3d94440d43209d01fad7dd9f320a7c1c25074ac2f8abde5322?s=96&d=mm&r=g\",\"caption\":\"ITURRI Shop\"},\"url\":\"https:\\\/\\\/shop.iturri.com\\\/blog\\\/author\\\/iturri\\\/\"}]}<\/script>\n<!-- \/ Yoast SEO plugin. -->","yoast_head_json":{"title":"Mascarillas de protecci\u00f3n: preguntas y respuestas (y II) - @ITURRI blog","description":"Los expertos de Equipos de Protecci\u00f3n Individual, responden a m\u00e1s preguntas y dudas sobre el uso de mascarillas","robots":{"index":"index","follow":"follow","max-snippet":"max-snippet:-1","max-image-preview":"max-image-preview:large","max-video-preview":"max-video-preview:-1"},"canonical":"https:\/\/shop.iturri.com\/blog\/epi\/webinar-mascarillas-proteccion-preguntas-respuestas-ii\/","og_locale":"es_ES","og_type":"article","og_title":"Mascarillas de protecci\u00f3n: preguntas y respuestas (y II) - @ITURRI blog","og_description":"Los expertos de Equipos de Protecci\u00f3n Individual, responden a m\u00e1s preguntas y dudas sobre el uso de mascarillas","og_url":"https:\/\/shop.iturri.com\/blog\/epi\/webinar-mascarillas-proteccion-preguntas-respuestas-ii\/","og_site_name":"@ITURRI blog","article_published_time":"2020-05-07T10:08:01+00:00","article_modified_time":"2021-06-28T06:54:01+00:00","og_image":[{"width":800,"height":415,"url":"https:\/\/shop.iturri.com\/blog\/wp-content\/uploads\/2020\/05\/ITURRI_Webinar_Mascarillas_RRSS_LK.png","type":"image\/png"}],"author":"ITURRI Shop","twitter_card":"summary_large_image","twitter_misc":{"Escrito por":"ITURRI Shop","Tiempo de lectura":"2 minutos"},"schema":{"@context":"https:\/\/schema.org","@graph":[{"@type":"Article","@id":"https:\/\/shop.iturri.com\/blog\/epi\/webinar-mascarillas-proteccion-preguntas-respuestas-ii\/#article","isPartOf":{"@id":"https:\/\/shop.iturri.com\/blog\/epi\/webinar-mascarillas-proteccion-preguntas-respuestas-ii\/"},"author":{"name":"ITURRI Shop","@id":"https:\/\/shop.iturri.com\/blog\/#\/schema\/person\/975e12acfab2a727ffa0e7bafff838b5"},"headline":"Mascarillas de protecci\u00f3n: preguntas y respuestas (y II)","datePublished":"2020-05-07T10:08:01+00:00","dateModified":"2021-06-28T06:54:01+00:00","mainEntityOfPage":{"@id":"https:\/\/shop.iturri.com\/blog\/epi\/webinar-mascarillas-proteccion-preguntas-respuestas-ii\/"},"wordCount":394,"commentCount":0,"image":{"@id":"https:\/\/shop.iturri.com\/blog\/epi\/webinar-mascarillas-proteccion-preguntas-respuestas-ii\/#primaryimage"},"thumbnailUrl":"https:\/\/shop.iturri.com\/blog\/wp-content\/uploads\/2020\/05\/ITURRI_Webinar_Mascarillas_RRSS_LK.png","keywords":["EPI","Iturri","mascarillas de protecci\u00f3n","webinar"],"articleSection":["EPI","Mascarillas"],"inLanguage":"es","potentialAction":[{"@type":"CommentAction","name":"Comment","target":["https:\/\/shop.iturri.com\/blog\/epi\/webinar-mascarillas-proteccion-preguntas-respuestas-ii\/#respond"]}]},{"@type":"WebPage","@id":"https:\/\/shop.iturri.com\/blog\/epi\/webinar-mascarillas-proteccion-preguntas-respuestas-ii\/","url":"https:\/\/shop.iturri.com\/blog\/epi\/webinar-mascarillas-proteccion-preguntas-respuestas-ii\/","name":"Mascarillas de protecci\u00f3n: preguntas y respuestas (y II) - @ITURRI blog","isPartOf":{"@id":"https:\/\/shop.iturri.com\/blog\/#website"},"primaryImageOfPage":{"@id":"https:\/\/shop.iturri.com\/blog\/epi\/webinar-mascarillas-proteccion-preguntas-respuestas-ii\/#primaryimage"},"image":{"@id":"https:\/\/shop.iturri.com\/blog\/epi\/webinar-mascarillas-proteccion-preguntas-respuestas-ii\/#primaryimage"},"thumbnailUrl":"https:\/\/shop.iturri.com\/blog\/wp-content\/uploads\/2020\/05\/ITURRI_Webinar_Mascarillas_RRSS_LK.png","datePublished":"2020-05-07T10:08:01+00:00","dateModified":"2021-06-28T06:54:01+00:00","author":{"@id":"https:\/\/shop.iturri.com\/blog\/#\/schema\/person\/975e12acfab2a727ffa0e7bafff838b5"},"description":"Los expertos de Equipos de Protecci\u00f3n Individual, responden a m\u00e1s preguntas y dudas sobre el uso de mascarillas","breadcrumb":{"@id":"https:\/\/shop.iturri.com\/blog\/epi\/webinar-mascarillas-proteccion-preguntas-respuestas-ii\/#breadcrumb"},"inLanguage":"es","potentialAction":[{"@type":"ReadAction","target":["https:\/\/shop.iturri.com\/blog\/epi\/webinar-mascarillas-proteccion-preguntas-respuestas-ii\/"]}]},{"@type":"ImageObject","inLanguage":"es","@id":"https:\/\/shop.iturri.com\/blog\/epi\/webinar-mascarillas-proteccion-preguntas-respuestas-ii\/#primaryimage","url":"https:\/\/shop.iturri.com\/blog\/wp-content\/uploads\/2020\/05\/ITURRI_Webinar_Mascarillas_RRSS_LK.png","contentUrl":"https:\/\/shop.iturri.com\/blog\/wp-content\/uploads\/2020\/05\/ITURRI_Webinar_Mascarillas_RRSS_LK.png","width":800,"height":415},{"@type":"BreadcrumbList","@id":"https:\/\/shop.iturri.com\/blog\/epi\/webinar-mascarillas-proteccion-preguntas-respuestas-ii\/#breadcrumb","itemListElement":[{"@type":"ListItem","position":1,"name":"Portada","item":"https:\/\/shop.iturri.com\/blog\/"},{"@type":"ListItem","position":2,"name":"Mascarillas de protecci\u00f3n: preguntas y respuestas (y II)"}]},{"@type":"WebSite","@id":"https:\/\/shop.iturri.com\/blog\/#website","url":"https:\/\/shop.iturri.com\/blog\/","name":"@ITURRI blog","description":"Blog dedicado a poner en valor los 70 a\u00f1os de experiencia en la protecci\u00f3n de las personas","potentialAction":[{"@type":"SearchAction","target":{"@type":"EntryPoint","urlTemplate":"https:\/\/shop.iturri.com\/blog\/?s={search_term_string}"},"query-input":{"@type":"PropertyValueSpecification","valueRequired":true,"valueName":"search_term_string"}}],"inLanguage":"es"},{"@type":"Person","@id":"https:\/\/shop.iturri.com\/blog\/#\/schema\/person\/975e12acfab2a727ffa0e7bafff838b5","name":"ITURRI Shop","image":{"@type":"ImageObject","inLanguage":"es","@id":"https:\/\/secure.gravatar.com\/avatar\/4650b17362908b3d94440d43209d01fad7dd9f320a7c1c25074ac2f8abde5322?s=96&d=mm&r=g","url":"https:\/\/secure.gravatar.com\/avatar\/4650b17362908b3d94440d43209d01fad7dd9f320a7c1c25074ac2f8abde5322?s=96&d=mm&r=g","contentUrl":"https:\/\/secure.gravatar.com\/avatar\/4650b17362908b3d94440d43209d01fad7dd9f320a7c1c25074ac2f8abde5322?s=96&d=mm&r=g","caption":"ITURRI Shop"},"url":"https:\/\/shop.iturri.com\/blog\/author\/iturri\/"}]}},"_links":{"self":[{"href":"https:\/\/shop.iturri.com\/blog\/wp-json\/wp\/v2\/posts\/227","targetHints":{"allow":["GET"]}}],"collection":[{"href":"https:\/\/shop.iturri.com\/blog\/wp-json\/wp\/v2\/posts"}],"about":[{"href":"https:\/\/shop.iturri.com\/blog\/wp-json\/wp\/v2\/types\/post"}],"author":[{"embeddable":true,"href":"https:\/\/shop.iturri.com\/blog\/wp-json\/wp\/v2\/users\/3"}],"replies":[{"embeddable":true,"href":"https:\/\/shop.iturri.com\/blog\/wp-json\/wp\/v2\/comments?post=227"}],"version-history":[{"count":3,"href":"https:\/\/shop.iturri.com\/blog\/wp-json\/wp\/v2\/posts\/227\/revisions"}],"predecessor-version":[{"id":233,"href":"https:\/\/shop.iturri.com\/blog\/wp-json\/wp\/v2\/posts\/227\/revisions\/233"}],"wp:featuredmedia":[{"embeddable":true,"href":"https:\/\/shop.iturri.com\/blog\/wp-json\/wp\/v2\/media\/223"}],"wp:attachment":[{"href":"https:\/\/shop.iturri.com\/blog\/wp-json\/wp\/v2\/media?parent=227"}],"wp:term":[{"taxonomy":"category","embeddable":true,"href":"https:\/\/shop.iturri.com\/blog\/wp-json\/wp\/v2\/categories?post=227"},{"taxonomy":"post_tag","embeddable":true,"href":"https:\/\/shop.iturri.com\/blog\/wp-json\/wp\/v2\/tags?post=227"}],"curies":[{"name":"wp","href":"https:\/\/api.w.org\/{rel}","templated":true}]}}