{"id":341,"date":"2020-07-15T13:04:40","date_gmt":"2020-07-15T12:04:40","guid":{"rendered":"http:\/\/shop.iturri.com\/blog\/?p=341"},"modified":"2021-08-02T08:52:59","modified_gmt":"2021-08-02T07:52:59","slug":"uso-mejores-practicas-y-legislacion-de-epi-y-ps-covid","status":"publish","type":"post","link":"https:\/\/shop.iturri.com\/blog\/epi\/uso-mejores-practicas-y-legislacion-de-epi-y-ps-covid\/","title":{"rendered":"USO, MEJORES PRACTICAS Y LEGISLACI\u00d3N DE EPI Y PS COVID"},"content":{"rendered":"\n<p>El pasado  1 de julio realizamos este webinar con la idea de compartir nuestro conocimiento y recomendaciones para poder elegir las mejores mascarillas.<\/p>\n\n\n\n<p>\u00bfqu\u00e9 te contamos en este webinar?<\/p>\n\n\n\n<ul class=\"wp-block-list\"><li>Tipos y recomendaciones de uso de las mascarillas<\/li><li>C\u00f3mo detectar los fakes y diferencias<\/li><li>Mascarillas higi\u00e9nicas: UNE y CWA<\/li><li>Lesgislaci\u00f3n de EPI y PS<\/li><\/ul>\n\n\n\n<figure class=\"wp-block-image size-large\"><img loading=\"lazy\" decoding=\"async\" width=\"916\" height=\"515\" src=\"https:\/\/shop.iturri.com\/blog\/wp-content\/uploads\/2020\/07\/Usos-legislaciones.jpg\" alt=\"\" class=\"wp-image-342\" srcset=\"https:\/\/shop.iturri.com\/blog\/wp-content\/uploads\/2020\/07\/Usos-legislaciones.jpg 916w, https:\/\/shop.iturri.com\/blog\/wp-content\/uploads\/2020\/07\/Usos-legislaciones-300x169.jpg 300w, https:\/\/shop.iturri.com\/blog\/wp-content\/uploads\/2020\/07\/Usos-legislaciones-768x432.jpg 768w\" sizes=\"auto, (max-width: 916px) 100vw, 916px\" \/><\/figure>\n\n\n\n<p>LAS MASCARILLAS MINIMINIZAN EL RIESGO DE TRANSMISI\u00d3N<br>Las personas infectadas asintom\u00e1ticas pueden liberar part\u00edculas de aerosol infecciosas durante la respiraci\u00f3n y el habla.<\/p>\n\n\n\n<p>Si quieres saber m\u00e1s, no te pierdas el siguiente v\u00eddeo:<\/p>\n\n\n\n<figure class=\"wp-block-video\"><video height=\"720\" style=\"aspect-ratio: 1280 \/ 720;\" width=\"1280\" controls src=\"https:\/\/shop.iturri.com\/blog\/wp-content\/uploads\/2020\/07\/Uso-mejores-practicas-y-legislaci\u00f3n-EPIs-y-PS-COVID.mp4\"><\/video><\/figure>\n\n\n\n<div class=\"schema-faq wp-block-yoast-faq-block\"><div class=\"schema-faq-section\" id=\"faq-question-1594814285547\"><strong class=\"schema-faq-question\">\u00bfEs obligatorio que aparezca el n\u00ba de organismo notificador que ha realizado los ensayos al lado del marcado CE de un EPI chino importado (m\u00e1scara facial)? <\/strong> <p class=\"schema-faq-answer\">Respuesta: Si la mascarilla importada de China lo esta bajo normativa armonizada bajo la EN149 cada EPI debe indicar entre otra informaci\u00f3n el marcado CE + el n\u00ba del organismo notificado que hace el control supervisado de la producci\u00f3n ya sea el m\u00f3dulo C2 o D. <\/p> <\/div> <div class=\"schema-faq-section\" id=\"faq-question-1594814441064\"><strong class=\"schema-faq-question\">Una m\u00e1scara facial EN 166, deber\u00eda llevar el CE seguido del n\u00famero de organismo notificador? <\/strong> <p class=\"schema-faq-answer\">Respuesta: La norma indicada es para protecci\u00f3n ocular. En este caso al ser un EPI Categor\u00eda II basta el marcado CE sin el n\u00ba del organismo notificado emisor del mod B, examen UE de tipo. <\/p> <\/div> <div class=\"schema-faq-section\" id=\"faq-question-1594814562605\"><strong class=\"schema-faq-question\"> En el caso de las mascarillas de tela que est\u00e1n certificadas por la ISO 0065 \u00bftambi\u00e9n tienen que estar certificada por AITEX para el numero de lavados? <\/strong> <p class=\"schema-faq-answer\">Respuesta: Estamos viendo muchos modelos que dicen que cumplen con la UNE 0065 pero no presentan ning\u00fan documento. No olvidemos que la UNE 0065 es una especificaci\u00f3n t\u00e9cnica de fabricaci\u00f3n, por lo tanto debe cumplir una serie de par\u00e1metros que est\u00e1n en la especificaci\u00f3n y adem\u00e1s, garantizar a trav\u00e9s de un test de ensayo de Aitex que garantice los resultado del test (BFE y Respirabilidad, los dos, no sirve dar resultado positivo solo en uno de ellos) para el n\u00famero de lavados que se presente.  <\/p> <\/div> <\/div>\n","protected":false},"excerpt":{"rendered":"<p>El pasado 1 de julio realizamos este webinar con la idea de compartir nuestro conocimiento y recomendaciones para poder elegir las mejores mascarillas. \u00bfqu\u00e9 te contamos en este webinar? Tipos y recomendaciones de uso de las mascarillas C\u00f3mo detectar los fakes y diferencias Mascarillas higi\u00e9nicas: UNE y CWA Lesgislaci\u00f3n de EPI y PS LAS MASCARILLAS [&hellip;]<\/p>\n","protected":false},"author":3,"featured_media":342,"comment_status":"open","ping_status":"open","sticky":false,"template":"","format":"standard","meta":{"footnotes":""},"categories":[22,28],"tags":[],"class_list":["post-341","post","type-post","status-publish","format-standard","has-post-thumbnail","hentry","category-epi","category-mascarillas"],"yoast_head":"<!-- This site is optimized with the Yoast SEO plugin v27.3 - https:\/\/yoast.com\/product\/yoast-seo-wordpress\/ -->\n<title>COVID-19: como combatirlo, el uso de los EPI y su legislaci\u00f3n. @ITURRI blog<\/title>\n<meta name=\"description\" content=\"En el blog de ITURRI te contamos los usos, y mejores pr\u00e1citcas de los equipos de protecci\u00f3n individual frente al covid-19\" \/>\n<meta name=\"robots\" content=\"index, follow, max-snippet:-1, max-image-preview:large, max-video-preview:-1\" \/>\n<link rel=\"canonical\" href=\"https:\/\/shop.iturri.com\/blog\/epi\/uso-mejores-practicas-y-legislacion-de-epi-y-ps-covid\/\" \/>\n<meta property=\"og:locale\" content=\"es_ES\" \/>\n<meta property=\"og:type\" content=\"article\" \/>\n<meta property=\"og:title\" content=\"COVID-19: como combatirlo, el uso de los EPI y su legislaci\u00f3n. @ITURRI blog\" \/>\n<meta property=\"og:description\" content=\"En el blog de ITURRI te contamos los usos, y mejores pr\u00e1citcas de los equipos de protecci\u00f3n individual frente al covid-19\" \/>\n<meta property=\"og:url\" content=\"https:\/\/shop.iturri.com\/blog\/epi\/uso-mejores-practicas-y-legislacion-de-epi-y-ps-covid\/\" \/>\n<meta property=\"og:site_name\" content=\"@ITURRI blog\" \/>\n<meta property=\"article:published_time\" content=\"2020-07-15T12:04:40+00:00\" \/>\n<meta property=\"article:modified_time\" content=\"2021-08-02T07:52:59+00:00\" \/>\n<meta property=\"og:image\" content=\"https:\/\/shop.iturri.com\/blog\/wp-content\/uploads\/2020\/07\/Usos-legislaciones.jpg\" \/>\n\t<meta property=\"og:image:width\" content=\"916\" \/>\n\t<meta property=\"og:image:height\" content=\"515\" \/>\n\t<meta property=\"og:image:type\" content=\"image\/jpeg\" \/>\n<meta name=\"author\" content=\"ITURRI Shop\" \/>\n<meta name=\"twitter:card\" content=\"summary_large_image\" \/>\n<meta name=\"twitter:label1\" content=\"Escrito por\" \/>\n\t<meta name=\"twitter:data1\" content=\"ITURRI Shop\" \/>\n\t<meta name=\"twitter:label2\" content=\"Tiempo de lectura\" \/>\n\t<meta name=\"twitter:data2\" content=\"2 minutos\" \/>\n<script type=\"application\/ld+json\" class=\"yoast-schema-graph\">{\"@context\":\"https:\\\/\\\/schema.org\",\"@graph\":[{\"@type\":\"Article\",\"@id\":\"https:\\\/\\\/shop.iturri.com\\\/blog\\\/epi\\\/uso-mejores-practicas-y-legislacion-de-epi-y-ps-covid\\\/#article\",\"isPartOf\":{\"@id\":\"https:\\\/\\\/shop.iturri.com\\\/blog\\\/epi\\\/uso-mejores-practicas-y-legislacion-de-epi-y-ps-covid\\\/\"},\"author\":{\"name\":\"ITURRI Shop\",\"@id\":\"https:\\\/\\\/shop.iturri.com\\\/blog\\\/#\\\/schema\\\/person\\\/975e12acfab2a727ffa0e7bafff838b5\"},\"headline\":\"USO, MEJORES PRACTICAS Y LEGISLACI\u00d3N DE EPI Y PS COVID\",\"datePublished\":\"2020-07-15T12:04:40+00:00\",\"dateModified\":\"2021-08-02T07:52:59+00:00\",\"mainEntityOfPage\":{\"@id\":\"https:\\\/\\\/shop.iturri.com\\\/blog\\\/epi\\\/uso-mejores-practicas-y-legislacion-de-epi-y-ps-covid\\\/\"},\"wordCount\":354,\"commentCount\":0,\"image\":{\"@id\":\"https:\\\/\\\/shop.iturri.com\\\/blog\\\/epi\\\/uso-mejores-practicas-y-legislacion-de-epi-y-ps-covid\\\/#primaryimage\"},\"thumbnailUrl\":\"https:\\\/\\\/shop.iturri.com\\\/blog\\\/wp-content\\\/uploads\\\/2020\\\/07\\\/Usos-legislaciones.jpg\",\"articleSection\":[\"EPI\",\"Mascarillas\"],\"inLanguage\":\"es\",\"potentialAction\":[{\"@type\":\"CommentAction\",\"name\":\"Comment\",\"target\":[\"https:\\\/\\\/shop.iturri.com\\\/blog\\\/epi\\\/uso-mejores-practicas-y-legislacion-de-epi-y-ps-covid\\\/#respond\"]}]},{\"@type\":[\"WebPage\",\"FAQPage\"],\"@id\":\"https:\\\/\\\/shop.iturri.com\\\/blog\\\/epi\\\/uso-mejores-practicas-y-legislacion-de-epi-y-ps-covid\\\/\",\"url\":\"https:\\\/\\\/shop.iturri.com\\\/blog\\\/epi\\\/uso-mejores-practicas-y-legislacion-de-epi-y-ps-covid\\\/\",\"name\":\"COVID-19: como combatirlo, el uso de los EPI y su legislaci\u00f3n. @ITURRI blog\",\"isPartOf\":{\"@id\":\"https:\\\/\\\/shop.iturri.com\\\/blog\\\/#website\"},\"primaryImageOfPage\":{\"@id\":\"https:\\\/\\\/shop.iturri.com\\\/blog\\\/epi\\\/uso-mejores-practicas-y-legislacion-de-epi-y-ps-covid\\\/#primaryimage\"},\"image\":{\"@id\":\"https:\\\/\\\/shop.iturri.com\\\/blog\\\/epi\\\/uso-mejores-practicas-y-legislacion-de-epi-y-ps-covid\\\/#primaryimage\"},\"thumbnailUrl\":\"https:\\\/\\\/shop.iturri.com\\\/blog\\\/wp-content\\\/uploads\\\/2020\\\/07\\\/Usos-legislaciones.jpg\",\"datePublished\":\"2020-07-15T12:04:40+00:00\",\"dateModified\":\"2021-08-02T07:52:59+00:00\",\"author\":{\"@id\":\"https:\\\/\\\/shop.iturri.com\\\/blog\\\/#\\\/schema\\\/person\\\/975e12acfab2a727ffa0e7bafff838b5\"},\"description\":\"En el blog de ITURRI te contamos los usos, y mejores pr\u00e1citcas de los equipos de protecci\u00f3n individual frente al covid-19\",\"breadcrumb\":{\"@id\":\"https:\\\/\\\/shop.iturri.com\\\/blog\\\/epi\\\/uso-mejores-practicas-y-legislacion-de-epi-y-ps-covid\\\/#breadcrumb\"},\"mainEntity\":[{\"@id\":\"https:\\\/\\\/shop.iturri.com\\\/blog\\\/epi\\\/uso-mejores-practicas-y-legislacion-de-epi-y-ps-covid\\\/#faq-question-1594814285547\"},{\"@id\":\"https:\\\/\\\/shop.iturri.com\\\/blog\\\/epi\\\/uso-mejores-practicas-y-legislacion-de-epi-y-ps-covid\\\/#faq-question-1594814441064\"},{\"@id\":\"https:\\\/\\\/shop.iturri.com\\\/blog\\\/epi\\\/uso-mejores-practicas-y-legislacion-de-epi-y-ps-covid\\\/#faq-question-1594814562605\"}],\"inLanguage\":\"es\",\"potentialAction\":[{\"@type\":\"ReadAction\",\"target\":[\"https:\\\/\\\/shop.iturri.com\\\/blog\\\/epi\\\/uso-mejores-practicas-y-legislacion-de-epi-y-ps-covid\\\/\"]}]},{\"@type\":\"ImageObject\",\"inLanguage\":\"es\",\"@id\":\"https:\\\/\\\/shop.iturri.com\\\/blog\\\/epi\\\/uso-mejores-practicas-y-legislacion-de-epi-y-ps-covid\\\/#primaryimage\",\"url\":\"https:\\\/\\\/shop.iturri.com\\\/blog\\\/wp-content\\\/uploads\\\/2020\\\/07\\\/Usos-legislaciones.jpg\",\"contentUrl\":\"https:\\\/\\\/shop.iturri.com\\\/blog\\\/wp-content\\\/uploads\\\/2020\\\/07\\\/Usos-legislaciones.jpg\",\"width\":916,\"height\":515},{\"@type\":\"BreadcrumbList\",\"@id\":\"https:\\\/\\\/shop.iturri.com\\\/blog\\\/epi\\\/uso-mejores-practicas-y-legislacion-de-epi-y-ps-covid\\\/#breadcrumb\",\"itemListElement\":[{\"@type\":\"ListItem\",\"position\":1,\"name\":\"Portada\",\"item\":\"https:\\\/\\\/shop.iturri.com\\\/blog\\\/\"},{\"@type\":\"ListItem\",\"position\":2,\"name\":\"USO, MEJORES PRACTICAS Y LEGISLACI\u00d3N DE EPI Y PS COVID\"}]},{\"@type\":\"WebSite\",\"@id\":\"https:\\\/\\\/shop.iturri.com\\\/blog\\\/#website\",\"url\":\"https:\\\/\\\/shop.iturri.com\\\/blog\\\/\",\"name\":\"@ITURRI blog\",\"description\":\"Blog dedicado a poner en valor los 70 a\u00f1os de experiencia en la protecci\u00f3n de las personas\",\"potentialAction\":[{\"@type\":\"SearchAction\",\"target\":{\"@type\":\"EntryPoint\",\"urlTemplate\":\"https:\\\/\\\/shop.iturri.com\\\/blog\\\/?s={search_term_string}\"},\"query-input\":{\"@type\":\"PropertyValueSpecification\",\"valueRequired\":true,\"valueName\":\"search_term_string\"}}],\"inLanguage\":\"es\"},{\"@type\":\"Person\",\"@id\":\"https:\\\/\\\/shop.iturri.com\\\/blog\\\/#\\\/schema\\\/person\\\/975e12acfab2a727ffa0e7bafff838b5\",\"name\":\"ITURRI Shop\",\"image\":{\"@type\":\"ImageObject\",\"inLanguage\":\"es\",\"@id\":\"https:\\\/\\\/secure.gravatar.com\\\/avatar\\\/4650b17362908b3d94440d43209d01fad7dd9f320a7c1c25074ac2f8abde5322?s=96&d=mm&r=g\",\"url\":\"https:\\\/\\\/secure.gravatar.com\\\/avatar\\\/4650b17362908b3d94440d43209d01fad7dd9f320a7c1c25074ac2f8abde5322?s=96&d=mm&r=g\",\"contentUrl\":\"https:\\\/\\\/secure.gravatar.com\\\/avatar\\\/4650b17362908b3d94440d43209d01fad7dd9f320a7c1c25074ac2f8abde5322?s=96&d=mm&r=g\",\"caption\":\"ITURRI Shop\"},\"url\":\"https:\\\/\\\/shop.iturri.com\\\/blog\\\/author\\\/iturri\\\/\"},{\"@type\":\"Question\",\"@id\":\"https:\\\/\\\/shop.iturri.com\\\/blog\\\/epi\\\/uso-mejores-practicas-y-legislacion-de-epi-y-ps-covid\\\/#faq-question-1594814285547\",\"position\":1,\"url\":\"https:\\\/\\\/shop.iturri.com\\\/blog\\\/epi\\\/uso-mejores-practicas-y-legislacion-de-epi-y-ps-covid\\\/#faq-question-1594814285547\",\"name\":\"\u00bfEs obligatorio que aparezca el n\u00ba de organismo notificador que ha realizado los ensayos al lado del marcado CE de un EPI chino importado (m\u00e1scara facial)?\",\"answerCount\":1,\"acceptedAnswer\":{\"@type\":\"Answer\",\"text\":\"Respuesta: Si la mascarilla importada de China lo esta bajo normativa armonizada bajo la EN149 cada EPI debe indicar entre otra informaci\u00f3n el marcado CE + el n\u00ba del organismo notificado que hace el control supervisado de la producci\u00f3n ya sea el m\u00f3dulo C2 o D. \",\"inLanguage\":\"es\"},\"inLanguage\":\"es\"},{\"@type\":\"Question\",\"@id\":\"https:\\\/\\\/shop.iturri.com\\\/blog\\\/epi\\\/uso-mejores-practicas-y-legislacion-de-epi-y-ps-covid\\\/#faq-question-1594814441064\",\"position\":2,\"url\":\"https:\\\/\\\/shop.iturri.com\\\/blog\\\/epi\\\/uso-mejores-practicas-y-legislacion-de-epi-y-ps-covid\\\/#faq-question-1594814441064\",\"name\":\"Una m\u00e1scara facial EN 166, deber\u00eda llevar el CE seguido del n\u00famero de organismo notificador?\",\"answerCount\":1,\"acceptedAnswer\":{\"@type\":\"Answer\",\"text\":\"Respuesta: La norma indicada es para protecci\u00f3n ocular. En este caso al ser un EPI Categor\u00eda II basta el marcado CE sin el n\u00ba del organismo notificado emisor del mod B, examen UE de tipo. \",\"inLanguage\":\"es\"},\"inLanguage\":\"es\"},{\"@type\":\"Question\",\"@id\":\"https:\\\/\\\/shop.iturri.com\\\/blog\\\/epi\\\/uso-mejores-practicas-y-legislacion-de-epi-y-ps-covid\\\/#faq-question-1594814562605\",\"position\":3,\"url\":\"https:\\\/\\\/shop.iturri.com\\\/blog\\\/epi\\\/uso-mejores-practicas-y-legislacion-de-epi-y-ps-covid\\\/#faq-question-1594814562605\",\"name\":\"En el caso de las mascarillas de tela que est\u00e1n certificadas por la ISO 0065 \u00bftambi\u00e9n tienen que estar certificada por AITEX para el numero de lavados?\",\"answerCount\":1,\"acceptedAnswer\":{\"@type\":\"Answer\",\"text\":\"Respuesta: Estamos viendo muchos modelos que dicen que cumplen con la UNE 0065 pero no presentan ning\u00fan documento. No olvidemos que la UNE 0065 es una especificaci\u00f3n t\u00e9cnica de fabricaci\u00f3n, por lo tanto debe cumplir una serie de par\u00e1metros que est\u00e1n en la especificaci\u00f3n y adem\u00e1s, garantizar a trav\u00e9s de un test de ensayo de Aitex que garantice los resultado del test (BFE y Respirabilidad, los dos, no sirve dar resultado positivo solo en uno de ellos) para el n\u00famero de lavados que se presente.  \",\"inLanguage\":\"es\"},\"inLanguage\":\"es\"}]}<\/script>\n<!-- \/ Yoast SEO plugin. -->","yoast_head_json":{"title":"COVID-19: como combatirlo, el uso de los EPI y su legislaci\u00f3n. @ITURRI blog","description":"En el blog de ITURRI te contamos los usos, y mejores pr\u00e1citcas de los equipos de protecci\u00f3n individual frente al covid-19","robots":{"index":"index","follow":"follow","max-snippet":"max-snippet:-1","max-image-preview":"max-image-preview:large","max-video-preview":"max-video-preview:-1"},"canonical":"https:\/\/shop.iturri.com\/blog\/epi\/uso-mejores-practicas-y-legislacion-de-epi-y-ps-covid\/","og_locale":"es_ES","og_type":"article","og_title":"COVID-19: como combatirlo, el uso de los EPI y su legislaci\u00f3n. @ITURRI blog","og_description":"En el blog de ITURRI te contamos los usos, y mejores pr\u00e1citcas de los equipos de protecci\u00f3n individual frente al covid-19","og_url":"https:\/\/shop.iturri.com\/blog\/epi\/uso-mejores-practicas-y-legislacion-de-epi-y-ps-covid\/","og_site_name":"@ITURRI blog","article_published_time":"2020-07-15T12:04:40+00:00","article_modified_time":"2021-08-02T07:52:59+00:00","og_image":[{"width":916,"height":515,"url":"https:\/\/shop.iturri.com\/blog\/wp-content\/uploads\/2020\/07\/Usos-legislaciones.jpg","type":"image\/jpeg"}],"author":"ITURRI Shop","twitter_card":"summary_large_image","twitter_misc":{"Escrito por":"ITURRI Shop","Tiempo de lectura":"2 minutos"},"schema":{"@context":"https:\/\/schema.org","@graph":[{"@type":"Article","@id":"https:\/\/shop.iturri.com\/blog\/epi\/uso-mejores-practicas-y-legislacion-de-epi-y-ps-covid\/#article","isPartOf":{"@id":"https:\/\/shop.iturri.com\/blog\/epi\/uso-mejores-practicas-y-legislacion-de-epi-y-ps-covid\/"},"author":{"name":"ITURRI Shop","@id":"https:\/\/shop.iturri.com\/blog\/#\/schema\/person\/975e12acfab2a727ffa0e7bafff838b5"},"headline":"USO, MEJORES PRACTICAS Y LEGISLACI\u00d3N DE EPI Y PS COVID","datePublished":"2020-07-15T12:04:40+00:00","dateModified":"2021-08-02T07:52:59+00:00","mainEntityOfPage":{"@id":"https:\/\/shop.iturri.com\/blog\/epi\/uso-mejores-practicas-y-legislacion-de-epi-y-ps-covid\/"},"wordCount":354,"commentCount":0,"image":{"@id":"https:\/\/shop.iturri.com\/blog\/epi\/uso-mejores-practicas-y-legislacion-de-epi-y-ps-covid\/#primaryimage"},"thumbnailUrl":"https:\/\/shop.iturri.com\/blog\/wp-content\/uploads\/2020\/07\/Usos-legislaciones.jpg","articleSection":["EPI","Mascarillas"],"inLanguage":"es","potentialAction":[{"@type":"CommentAction","name":"Comment","target":["https:\/\/shop.iturri.com\/blog\/epi\/uso-mejores-practicas-y-legislacion-de-epi-y-ps-covid\/#respond"]}]},{"@type":["WebPage","FAQPage"],"@id":"https:\/\/shop.iturri.com\/blog\/epi\/uso-mejores-practicas-y-legislacion-de-epi-y-ps-covid\/","url":"https:\/\/shop.iturri.com\/blog\/epi\/uso-mejores-practicas-y-legislacion-de-epi-y-ps-covid\/","name":"COVID-19: como combatirlo, el uso de los EPI y su legislaci\u00f3n. @ITURRI blog","isPartOf":{"@id":"https:\/\/shop.iturri.com\/blog\/#website"},"primaryImageOfPage":{"@id":"https:\/\/shop.iturri.com\/blog\/epi\/uso-mejores-practicas-y-legislacion-de-epi-y-ps-covid\/#primaryimage"},"image":{"@id":"https:\/\/shop.iturri.com\/blog\/epi\/uso-mejores-practicas-y-legislacion-de-epi-y-ps-covid\/#primaryimage"},"thumbnailUrl":"https:\/\/shop.iturri.com\/blog\/wp-content\/uploads\/2020\/07\/Usos-legislaciones.jpg","datePublished":"2020-07-15T12:04:40+00:00","dateModified":"2021-08-02T07:52:59+00:00","author":{"@id":"https:\/\/shop.iturri.com\/blog\/#\/schema\/person\/975e12acfab2a727ffa0e7bafff838b5"},"description":"En el blog de ITURRI te contamos los usos, y mejores pr\u00e1citcas de los equipos de protecci\u00f3n individual frente al covid-19","breadcrumb":{"@id":"https:\/\/shop.iturri.com\/blog\/epi\/uso-mejores-practicas-y-legislacion-de-epi-y-ps-covid\/#breadcrumb"},"mainEntity":[{"@id":"https:\/\/shop.iturri.com\/blog\/epi\/uso-mejores-practicas-y-legislacion-de-epi-y-ps-covid\/#faq-question-1594814285547"},{"@id":"https:\/\/shop.iturri.com\/blog\/epi\/uso-mejores-practicas-y-legislacion-de-epi-y-ps-covid\/#faq-question-1594814441064"},{"@id":"https:\/\/shop.iturri.com\/blog\/epi\/uso-mejores-practicas-y-legislacion-de-epi-y-ps-covid\/#faq-question-1594814562605"}],"inLanguage":"es","potentialAction":[{"@type":"ReadAction","target":["https:\/\/shop.iturri.com\/blog\/epi\/uso-mejores-practicas-y-legislacion-de-epi-y-ps-covid\/"]}]},{"@type":"ImageObject","inLanguage":"es","@id":"https:\/\/shop.iturri.com\/blog\/epi\/uso-mejores-practicas-y-legislacion-de-epi-y-ps-covid\/#primaryimage","url":"https:\/\/shop.iturri.com\/blog\/wp-content\/uploads\/2020\/07\/Usos-legislaciones.jpg","contentUrl":"https:\/\/shop.iturri.com\/blog\/wp-content\/uploads\/2020\/07\/Usos-legislaciones.jpg","width":916,"height":515},{"@type":"BreadcrumbList","@id":"https:\/\/shop.iturri.com\/blog\/epi\/uso-mejores-practicas-y-legislacion-de-epi-y-ps-covid\/#breadcrumb","itemListElement":[{"@type":"ListItem","position":1,"name":"Portada","item":"https:\/\/shop.iturri.com\/blog\/"},{"@type":"ListItem","position":2,"name":"USO, MEJORES PRACTICAS Y LEGISLACI\u00d3N DE EPI Y PS COVID"}]},{"@type":"WebSite","@id":"https:\/\/shop.iturri.com\/blog\/#website","url":"https:\/\/shop.iturri.com\/blog\/","name":"@ITURRI blog","description":"Blog dedicado a poner en valor los 70 a\u00f1os de experiencia en la protecci\u00f3n de las personas","potentialAction":[{"@type":"SearchAction","target":{"@type":"EntryPoint","urlTemplate":"https:\/\/shop.iturri.com\/blog\/?s={search_term_string}"},"query-input":{"@type":"PropertyValueSpecification","valueRequired":true,"valueName":"search_term_string"}}],"inLanguage":"es"},{"@type":"Person","@id":"https:\/\/shop.iturri.com\/blog\/#\/schema\/person\/975e12acfab2a727ffa0e7bafff838b5","name":"ITURRI Shop","image":{"@type":"ImageObject","inLanguage":"es","@id":"https:\/\/secure.gravatar.com\/avatar\/4650b17362908b3d94440d43209d01fad7dd9f320a7c1c25074ac2f8abde5322?s=96&d=mm&r=g","url":"https:\/\/secure.gravatar.com\/avatar\/4650b17362908b3d94440d43209d01fad7dd9f320a7c1c25074ac2f8abde5322?s=96&d=mm&r=g","contentUrl":"https:\/\/secure.gravatar.com\/avatar\/4650b17362908b3d94440d43209d01fad7dd9f320a7c1c25074ac2f8abde5322?s=96&d=mm&r=g","caption":"ITURRI Shop"},"url":"https:\/\/shop.iturri.com\/blog\/author\/iturri\/"},{"@type":"Question","@id":"https:\/\/shop.iturri.com\/blog\/epi\/uso-mejores-practicas-y-legislacion-de-epi-y-ps-covid\/#faq-question-1594814285547","position":1,"url":"https:\/\/shop.iturri.com\/blog\/epi\/uso-mejores-practicas-y-legislacion-de-epi-y-ps-covid\/#faq-question-1594814285547","name":"\u00bfEs obligatorio que aparezca el n\u00ba de organismo notificador que ha realizado los ensayos al lado del marcado CE de un EPI chino importado (m\u00e1scara facial)?","answerCount":1,"acceptedAnswer":{"@type":"Answer","text":"Respuesta: Si la mascarilla importada de China lo esta bajo normativa armonizada bajo la EN149 cada EPI debe indicar entre otra informaci\u00f3n el marcado CE + el n\u00ba del organismo notificado que hace el control supervisado de la producci\u00f3n ya sea el m\u00f3dulo C2 o D. ","inLanguage":"es"},"inLanguage":"es"},{"@type":"Question","@id":"https:\/\/shop.iturri.com\/blog\/epi\/uso-mejores-practicas-y-legislacion-de-epi-y-ps-covid\/#faq-question-1594814441064","position":2,"url":"https:\/\/shop.iturri.com\/blog\/epi\/uso-mejores-practicas-y-legislacion-de-epi-y-ps-covid\/#faq-question-1594814441064","name":"Una m\u00e1scara facial EN 166, deber\u00eda llevar el CE seguido del n\u00famero de organismo notificador?","answerCount":1,"acceptedAnswer":{"@type":"Answer","text":"Respuesta: La norma indicada es para protecci\u00f3n ocular. En este caso al ser un EPI Categor\u00eda II basta el marcado CE sin el n\u00ba del organismo notificado emisor del mod B, examen UE de tipo. ","inLanguage":"es"},"inLanguage":"es"},{"@type":"Question","@id":"https:\/\/shop.iturri.com\/blog\/epi\/uso-mejores-practicas-y-legislacion-de-epi-y-ps-covid\/#faq-question-1594814562605","position":3,"url":"https:\/\/shop.iturri.com\/blog\/epi\/uso-mejores-practicas-y-legislacion-de-epi-y-ps-covid\/#faq-question-1594814562605","name":"En el caso de las mascarillas de tela que est\u00e1n certificadas por la ISO 0065 \u00bftambi\u00e9n tienen que estar certificada por AITEX para el numero de lavados?","answerCount":1,"acceptedAnswer":{"@type":"Answer","text":"Respuesta: Estamos viendo muchos modelos que dicen que cumplen con la UNE 0065 pero no presentan ning\u00fan documento. No olvidemos que la UNE 0065 es una especificaci\u00f3n t\u00e9cnica de fabricaci\u00f3n, por lo tanto debe cumplir una serie de par\u00e1metros que est\u00e1n en la especificaci\u00f3n y adem\u00e1s, garantizar a trav\u00e9s de un test de ensayo de Aitex que garantice los resultado del test (BFE y Respirabilidad, los dos, no sirve dar resultado positivo solo en uno de ellos) para el n\u00famero de lavados que se presente.  ","inLanguage":"es"},"inLanguage":"es"}]}},"_links":{"self":[{"href":"https:\/\/shop.iturri.com\/blog\/wp-json\/wp\/v2\/posts\/341","targetHints":{"allow":["GET"]}}],"collection":[{"href":"https:\/\/shop.iturri.com\/blog\/wp-json\/wp\/v2\/posts"}],"about":[{"href":"https:\/\/shop.iturri.com\/blog\/wp-json\/wp\/v2\/types\/post"}],"author":[{"embeddable":true,"href":"https:\/\/shop.iturri.com\/blog\/wp-json\/wp\/v2\/users\/3"}],"replies":[{"embeddable":true,"href":"https:\/\/shop.iturri.com\/blog\/wp-json\/wp\/v2\/comments?post=341"}],"version-history":[{"count":4,"href":"https:\/\/shop.iturri.com\/blog\/wp-json\/wp\/v2\/posts\/341\/revisions"}],"predecessor-version":[{"id":1019,"href":"https:\/\/shop.iturri.com\/blog\/wp-json\/wp\/v2\/posts\/341\/revisions\/1019"}],"wp:featuredmedia":[{"embeddable":true,"href":"https:\/\/shop.iturri.com\/blog\/wp-json\/wp\/v2\/media\/342"}],"wp:attachment":[{"href":"https:\/\/shop.iturri.com\/blog\/wp-json\/wp\/v2\/media?parent=341"}],"wp:term":[{"taxonomy":"category","embeddable":true,"href":"https:\/\/shop.iturri.com\/blog\/wp-json\/wp\/v2\/categories?post=341"},{"taxonomy":"post_tag","embeddable":true,"href":"https:\/\/shop.iturri.com\/blog\/wp-json\/wp\/v2\/tags?post=341"}],"curies":[{"name":"wp","href":"https:\/\/api.w.org\/{rel}","templated":true}]}}