{"id":363,"date":"2020-10-08T07:32:04","date_gmt":"2020-10-08T06:32:04","guid":{"rendered":"http:\/\/shop.iturri.com\/blog\/?p=363"},"modified":"2021-07-13T09:42:33","modified_gmt":"2021-07-13T08:42:33","slug":"los-logos-en-los-certificados-de-epis-de-vestuario-si-o-no","status":"publish","type":"post","link":"https:\/\/shop.iturri.com\/blog\/sin-categoria\/los-logos-en-los-certificados-de-epis-de-vestuario-si-o-no\/","title":{"rendered":"Los \u00abLogos\u00bb en los certificados de EPIs"},"content":{"rendered":"\n<p>Hemos escuchado de todo sobre este asunto. Cuando desarrollamos y certificamos una prendas de protecci\u00f3n, ya sea protecci\u00f3n ambiental o espec\u00edfica, puede que lo hagamos para un cliente en concreto, o ser parte de un porfolio de soluciones destinadas a un mapa de clientes sin determinar. Por ello, se plantean muchas dudas sobre la inclusi\u00f3n de los logotipos en las certificados de Epis.<\/p>\n\n\n\n<p>Debemos tener en cuenta, que los EPIS de alta\nvisibilidad regidos por la EN 20471, deben cumplir con una superficie m\u00ednima de\nmaterial fluorescente entre otros muchos requisitos, y en \u00e9ste c\u00e1lculo, se debe\ntener en consideraci\u00f3n el \u00e1rea que puede restarnos la aplicaci\u00f3n de un\ndistintivo corporativo (logo).<\/p>\n\n\n\n<p>Extracto EN ISO 20471_2013.A1_2016<\/p>\n\n\n\n<figure class=\"wp-block-image size-large\"><img loading=\"lazy\" decoding=\"async\" width=\"567\" height=\"196\" src=\"https:\/\/shop.iturri.com\/blog\/wp-content\/uploads\/2020\/10\/logos-si-o-no-en-los-epis.png\" alt=\"\" class=\"wp-image-365\" srcset=\"https:\/\/shop.iturri.com\/blog\/wp-content\/uploads\/2020\/10\/logos-si-o-no-en-los-epis.png 567w, https:\/\/shop.iturri.com\/blog\/wp-content\/uploads\/2020\/10\/logos-si-o-no-en-los-epis-300x104.png 300w\" sizes=\"auto, (max-width: 567px) 100vw, 567px\" \/><\/figure>\n\n\n\n<p>Consideremos, que cuando la prenda adem\u00e1s o de forma\nindependiente nos protege de un riesgo espec\u00edfico como puede ser el calor y las\nllamas, o las salpicaduras de metal fundido, las normativas de aplicaci\u00f3n\ntambi\u00e9n describen ensayos y requisitos que estos distintivos deben cumplir.<\/p>\n\n\n\n<p>En el caso de una prenda ignifuga certificada por la\nEN ISO 11612, tenemos que:<\/p>\n\n\n\n<figure class=\"wp-block-image size-large\"><img loading=\"lazy\" decoding=\"async\" width=\"567\" height=\"173\" src=\"https:\/\/shop.iturri.com\/blog\/wp-content\/uploads\/2020\/10\/Tabla-logos.png\" alt=\"\" class=\"wp-image-366\" srcset=\"https:\/\/shop.iturri.com\/blog\/wp-content\/uploads\/2020\/10\/Tabla-logos.png 567w, https:\/\/shop.iturri.com\/blog\/wp-content\/uploads\/2020\/10\/Tabla-logos-300x92.png 300w\" sizes=\"auto, (max-width: 567px) 100vw, 567px\" \/><\/figure>\n\n\n\n<p>Por tanto, a la pregunta de SI debemos o NO incluir los logotipos en los certificados de los epis de las prendas,\u00a0<strong>la respuesta es\u00a0S\u00cd.<\/strong><\/p>\n\n\n\n<p>Cuando se trate de un desarrollo espec\u00edfico de cliente, debe incluirse el logotipo final definido, en el caso de prendas de porfolio se deber\u00e1 definir la calidad, dimensiones y cuando aplique colorido est\u00e1ndar que recoja toda la casu\u00edstica requerida.<\/p>\n\n\n\n<p>Si deseas <a href=\"https:\/\/shop.iturri.com\/97-pon-tu-logo\" target=\"_blank\" rel=\"noreferrer noopener\" aria-label=\"incluir tu logo en tu vestuario laboral. (se abre en una nueva pesta\u00f1a)\">incluir tu logo en tu vestuario laboral.<\/a> En ITURRI tienes la opci\u00f3n de personalizar tu vestuario con el propio logo de tu empresa. <\/p>\n\n\n\n<p>Espero os haya resultado interesante para\naquellos que tuvieran dudas!<\/p>\n","protected":false},"excerpt":{"rendered":"<p>Hemos escuchado de todo sobre este asunto. Cuando desarrollamos y certificamos una prendas de protecci\u00f3n, ya sea protecci\u00f3n ambiental o espec\u00edfica, puede que lo hagamos para un cliente en concreto, o ser parte de un porfolio de soluciones destinadas a un mapa de clientes sin determinar. Por ello, se plantean muchas dudas sobre la inclusi\u00f3n [&hellip;]<\/p>\n","protected":false},"author":12,"featured_media":365,"comment_status":"open","ping_status":"open","sticky":false,"template":"","format":"standard","meta":{"footnotes":""},"categories":[1],"tags":[],"class_list":["post-363","post","type-post","status-publish","format-standard","has-post-thumbnail","hentry","category-sin-categoria"],"yoast_head":"<!-- This site is optimized with the Yoast SEO plugin v27.3 - https:\/\/yoast.com\/product\/yoast-seo-wordpress\/ -->\n<title>Los &quot;Logos&quot; en los certificados de EPIs - @ITURRI blog<\/title>\n<meta name=\"description\" content=\"Existen muchas dudas acerca de si colocar los logos en los certificados de epis del vestuario laboral. Desde ITURRI, damos nuestra opini\u00f3n acerca del tema.\" \/>\n<meta name=\"robots\" content=\"index, follow, max-snippet:-1, max-image-preview:large, max-video-preview:-1\" \/>\n<link rel=\"canonical\" href=\"https:\/\/shop.iturri.com\/blog\/sin-categoria\/los-logos-en-los-certificados-de-epis-de-vestuario-si-o-no\/\" \/>\n<meta property=\"og:locale\" content=\"es_ES\" \/>\n<meta property=\"og:type\" content=\"article\" \/>\n<meta property=\"og:title\" content=\"Los &quot;Logos&quot; en los certificados de EPIs - @ITURRI blog\" \/>\n<meta property=\"og:description\" content=\"Existen muchas dudas acerca de si colocar los logos en los certificados de epis del vestuario laboral. Desde ITURRI, damos nuestra opini\u00f3n acerca del tema.\" \/>\n<meta property=\"og:url\" content=\"https:\/\/shop.iturri.com\/blog\/sin-categoria\/los-logos-en-los-certificados-de-epis-de-vestuario-si-o-no\/\" \/>\n<meta property=\"og:site_name\" content=\"@ITURRI blog\" \/>\n<meta property=\"article:published_time\" content=\"2020-10-08T06:32:04+00:00\" \/>\n<meta property=\"article:modified_time\" content=\"2021-07-13T08:42:33+00:00\" \/>\n<meta property=\"og:image\" content=\"https:\/\/shop.iturri.com\/blog\/wp-content\/uploads\/2020\/10\/logos-si-o-no-en-los-epis.png\" \/>\n\t<meta property=\"og:image:width\" content=\"567\" \/>\n\t<meta property=\"og:image:height\" content=\"196\" \/>\n\t<meta property=\"og:image:type\" content=\"image\/png\" \/>\n<meta name=\"author\" content=\"Cristina Mart\u00edn Rubio\" \/>\n<meta name=\"twitter:card\" content=\"summary_large_image\" \/>\n<meta name=\"twitter:label1\" content=\"Escrito por\" \/>\n\t<meta name=\"twitter:data1\" content=\"Cristina Mart\u00edn Rubio\" \/>\n\t<meta name=\"twitter:label2\" content=\"Tiempo de lectura\" \/>\n\t<meta name=\"twitter:data2\" content=\"1 minuto\" \/>\n<script type=\"application\/ld+json\" class=\"yoast-schema-graph\">{\"@context\":\"https:\\\/\\\/schema.org\",\"@graph\":[{\"@type\":\"Article\",\"@id\":\"https:\\\/\\\/shop.iturri.com\\\/blog\\\/sin-categoria\\\/los-logos-en-los-certificados-de-epis-de-vestuario-si-o-no\\\/#article\",\"isPartOf\":{\"@id\":\"https:\\\/\\\/shop.iturri.com\\\/blog\\\/sin-categoria\\\/los-logos-en-los-certificados-de-epis-de-vestuario-si-o-no\\\/\"},\"author\":{\"name\":\"Cristina Mart\u00edn Rubio\",\"@id\":\"https:\\\/\\\/shop.iturri.com\\\/blog\\\/#\\\/schema\\\/person\\\/41f5077a00789fb7f977cc31aa19e463\"},\"headline\":\"Los \u00abLogos\u00bb en los certificados de EPIs\",\"datePublished\":\"2020-10-08T06:32:04+00:00\",\"dateModified\":\"2021-07-13T08:42:33+00:00\",\"mainEntityOfPage\":{\"@id\":\"https:\\\/\\\/shop.iturri.com\\\/blog\\\/sin-categoria\\\/los-logos-en-los-certificados-de-epis-de-vestuario-si-o-no\\\/\"},\"wordCount\":296,\"commentCount\":0,\"image\":{\"@id\":\"https:\\\/\\\/shop.iturri.com\\\/blog\\\/sin-categoria\\\/los-logos-en-los-certificados-de-epis-de-vestuario-si-o-no\\\/#primaryimage\"},\"thumbnailUrl\":\"https:\\\/\\\/shop.iturri.com\\\/blog\\\/wp-content\\\/uploads\\\/2020\\\/10\\\/logos-si-o-no-en-los-epis.png\",\"inLanguage\":\"es\",\"potentialAction\":[{\"@type\":\"CommentAction\",\"name\":\"Comment\",\"target\":[\"https:\\\/\\\/shop.iturri.com\\\/blog\\\/sin-categoria\\\/los-logos-en-los-certificados-de-epis-de-vestuario-si-o-no\\\/#respond\"]}]},{\"@type\":\"WebPage\",\"@id\":\"https:\\\/\\\/shop.iturri.com\\\/blog\\\/sin-categoria\\\/los-logos-en-los-certificados-de-epis-de-vestuario-si-o-no\\\/\",\"url\":\"https:\\\/\\\/shop.iturri.com\\\/blog\\\/sin-categoria\\\/los-logos-en-los-certificados-de-epis-de-vestuario-si-o-no\\\/\",\"name\":\"Los \\\"Logos\\\" en los certificados de EPIs - @ITURRI blog\",\"isPartOf\":{\"@id\":\"https:\\\/\\\/shop.iturri.com\\\/blog\\\/#website\"},\"primaryImageOfPage\":{\"@id\":\"https:\\\/\\\/shop.iturri.com\\\/blog\\\/sin-categoria\\\/los-logos-en-los-certificados-de-epis-de-vestuario-si-o-no\\\/#primaryimage\"},\"image\":{\"@id\":\"https:\\\/\\\/shop.iturri.com\\\/blog\\\/sin-categoria\\\/los-logos-en-los-certificados-de-epis-de-vestuario-si-o-no\\\/#primaryimage\"},\"thumbnailUrl\":\"https:\\\/\\\/shop.iturri.com\\\/blog\\\/wp-content\\\/uploads\\\/2020\\\/10\\\/logos-si-o-no-en-los-epis.png\",\"datePublished\":\"2020-10-08T06:32:04+00:00\",\"dateModified\":\"2021-07-13T08:42:33+00:00\",\"author\":{\"@id\":\"https:\\\/\\\/shop.iturri.com\\\/blog\\\/#\\\/schema\\\/person\\\/41f5077a00789fb7f977cc31aa19e463\"},\"description\":\"Existen muchas dudas acerca de si colocar los logos en los certificados de epis del vestuario laboral. Desde ITURRI, damos nuestra opini\u00f3n acerca del tema.\",\"breadcrumb\":{\"@id\":\"https:\\\/\\\/shop.iturri.com\\\/blog\\\/sin-categoria\\\/los-logos-en-los-certificados-de-epis-de-vestuario-si-o-no\\\/#breadcrumb\"},\"inLanguage\":\"es\",\"potentialAction\":[{\"@type\":\"ReadAction\",\"target\":[\"https:\\\/\\\/shop.iturri.com\\\/blog\\\/sin-categoria\\\/los-logos-en-los-certificados-de-epis-de-vestuario-si-o-no\\\/\"]}]},{\"@type\":\"ImageObject\",\"inLanguage\":\"es\",\"@id\":\"https:\\\/\\\/shop.iturri.com\\\/blog\\\/sin-categoria\\\/los-logos-en-los-certificados-de-epis-de-vestuario-si-o-no\\\/#primaryimage\",\"url\":\"https:\\\/\\\/shop.iturri.com\\\/blog\\\/wp-content\\\/uploads\\\/2020\\\/10\\\/logos-si-o-no-en-los-epis.png\",\"contentUrl\":\"https:\\\/\\\/shop.iturri.com\\\/blog\\\/wp-content\\\/uploads\\\/2020\\\/10\\\/logos-si-o-no-en-los-epis.png\",\"width\":567,\"height\":196},{\"@type\":\"BreadcrumbList\",\"@id\":\"https:\\\/\\\/shop.iturri.com\\\/blog\\\/sin-categoria\\\/los-logos-en-los-certificados-de-epis-de-vestuario-si-o-no\\\/#breadcrumb\",\"itemListElement\":[{\"@type\":\"ListItem\",\"position\":1,\"name\":\"Portada\",\"item\":\"https:\\\/\\\/shop.iturri.com\\\/blog\\\/\"},{\"@type\":\"ListItem\",\"position\":2,\"name\":\"Los \u00abLogos\u00bb en los certificados de EPIs\"}]},{\"@type\":\"WebSite\",\"@id\":\"https:\\\/\\\/shop.iturri.com\\\/blog\\\/#website\",\"url\":\"https:\\\/\\\/shop.iturri.com\\\/blog\\\/\",\"name\":\"@ITURRI blog\",\"description\":\"Blog dedicado a poner en valor los 70 a\u00f1os de experiencia en la protecci\u00f3n de las personas\",\"potentialAction\":[{\"@type\":\"SearchAction\",\"target\":{\"@type\":\"EntryPoint\",\"urlTemplate\":\"https:\\\/\\\/shop.iturri.com\\\/blog\\\/?s={search_term_string}\"},\"query-input\":{\"@type\":\"PropertyValueSpecification\",\"valueRequired\":true,\"valueName\":\"search_term_string\"}}],\"inLanguage\":\"es\"},{\"@type\":\"Person\",\"@id\":\"https:\\\/\\\/shop.iturri.com\\\/blog\\\/#\\\/schema\\\/person\\\/41f5077a00789fb7f977cc31aa19e463\",\"name\":\"Cristina Mart\u00edn Rubio\",\"image\":{\"@type\":\"ImageObject\",\"inLanguage\":\"es\",\"@id\":\"https:\\\/\\\/secure.gravatar.com\\\/avatar\\\/10d9bb914664614871213d728726e562fe3ca9f2145ee9f5f85ecadd78fb077a?s=96&d=mm&r=g\",\"url\":\"https:\\\/\\\/secure.gravatar.com\\\/avatar\\\/10d9bb914664614871213d728726e562fe3ca9f2145ee9f5f85ecadd78fb077a?s=96&d=mm&r=g\",\"contentUrl\":\"https:\\\/\\\/secure.gravatar.com\\\/avatar\\\/10d9bb914664614871213d728726e562fe3ca9f2145ee9f5f85ecadd78fb077a?s=96&d=mm&r=g\",\"caption\":\"Cristina Mart\u00edn Rubio\"},\"sameAs\":[\"https:\\\/\\\/shop.iturri.com\"],\"url\":\"https:\\\/\\\/shop.iturri.com\\\/blog\\\/author\\\/cristina-martin\\\/\"}]}<\/script>\n<!-- \/ Yoast SEO plugin. -->","yoast_head_json":{"title":"Los \"Logos\" en los certificados de EPIs - @ITURRI blog","description":"Existen muchas dudas acerca de si colocar los logos en los certificados de epis del vestuario laboral. Desde ITURRI, damos nuestra opini\u00f3n acerca del tema.","robots":{"index":"index","follow":"follow","max-snippet":"max-snippet:-1","max-image-preview":"max-image-preview:large","max-video-preview":"max-video-preview:-1"},"canonical":"https:\/\/shop.iturri.com\/blog\/sin-categoria\/los-logos-en-los-certificados-de-epis-de-vestuario-si-o-no\/","og_locale":"es_ES","og_type":"article","og_title":"Los \"Logos\" en los certificados de EPIs - @ITURRI blog","og_description":"Existen muchas dudas acerca de si colocar los logos en los certificados de epis del vestuario laboral. Desde ITURRI, damos nuestra opini\u00f3n acerca del tema.","og_url":"https:\/\/shop.iturri.com\/blog\/sin-categoria\/los-logos-en-los-certificados-de-epis-de-vestuario-si-o-no\/","og_site_name":"@ITURRI blog","article_published_time":"2020-10-08T06:32:04+00:00","article_modified_time":"2021-07-13T08:42:33+00:00","og_image":[{"width":567,"height":196,"url":"https:\/\/shop.iturri.com\/blog\/wp-content\/uploads\/2020\/10\/logos-si-o-no-en-los-epis.png","type":"image\/png"}],"author":"Cristina Mart\u00edn Rubio","twitter_card":"summary_large_image","twitter_misc":{"Escrito por":"Cristina Mart\u00edn Rubio","Tiempo de lectura":"1 minuto"},"schema":{"@context":"https:\/\/schema.org","@graph":[{"@type":"Article","@id":"https:\/\/shop.iturri.com\/blog\/sin-categoria\/los-logos-en-los-certificados-de-epis-de-vestuario-si-o-no\/#article","isPartOf":{"@id":"https:\/\/shop.iturri.com\/blog\/sin-categoria\/los-logos-en-los-certificados-de-epis-de-vestuario-si-o-no\/"},"author":{"name":"Cristina Mart\u00edn Rubio","@id":"https:\/\/shop.iturri.com\/blog\/#\/schema\/person\/41f5077a00789fb7f977cc31aa19e463"},"headline":"Los \u00abLogos\u00bb en los certificados de EPIs","datePublished":"2020-10-08T06:32:04+00:00","dateModified":"2021-07-13T08:42:33+00:00","mainEntityOfPage":{"@id":"https:\/\/shop.iturri.com\/blog\/sin-categoria\/los-logos-en-los-certificados-de-epis-de-vestuario-si-o-no\/"},"wordCount":296,"commentCount":0,"image":{"@id":"https:\/\/shop.iturri.com\/blog\/sin-categoria\/los-logos-en-los-certificados-de-epis-de-vestuario-si-o-no\/#primaryimage"},"thumbnailUrl":"https:\/\/shop.iturri.com\/blog\/wp-content\/uploads\/2020\/10\/logos-si-o-no-en-los-epis.png","inLanguage":"es","potentialAction":[{"@type":"CommentAction","name":"Comment","target":["https:\/\/shop.iturri.com\/blog\/sin-categoria\/los-logos-en-los-certificados-de-epis-de-vestuario-si-o-no\/#respond"]}]},{"@type":"WebPage","@id":"https:\/\/shop.iturri.com\/blog\/sin-categoria\/los-logos-en-los-certificados-de-epis-de-vestuario-si-o-no\/","url":"https:\/\/shop.iturri.com\/blog\/sin-categoria\/los-logos-en-los-certificados-de-epis-de-vestuario-si-o-no\/","name":"Los \"Logos\" en los certificados de EPIs - @ITURRI blog","isPartOf":{"@id":"https:\/\/shop.iturri.com\/blog\/#website"},"primaryImageOfPage":{"@id":"https:\/\/shop.iturri.com\/blog\/sin-categoria\/los-logos-en-los-certificados-de-epis-de-vestuario-si-o-no\/#primaryimage"},"image":{"@id":"https:\/\/shop.iturri.com\/blog\/sin-categoria\/los-logos-en-los-certificados-de-epis-de-vestuario-si-o-no\/#primaryimage"},"thumbnailUrl":"https:\/\/shop.iturri.com\/blog\/wp-content\/uploads\/2020\/10\/logos-si-o-no-en-los-epis.png","datePublished":"2020-10-08T06:32:04+00:00","dateModified":"2021-07-13T08:42:33+00:00","author":{"@id":"https:\/\/shop.iturri.com\/blog\/#\/schema\/person\/41f5077a00789fb7f977cc31aa19e463"},"description":"Existen muchas dudas acerca de si colocar los logos en los certificados de epis del vestuario laboral. Desde ITURRI, damos nuestra opini\u00f3n acerca del tema.","breadcrumb":{"@id":"https:\/\/shop.iturri.com\/blog\/sin-categoria\/los-logos-en-los-certificados-de-epis-de-vestuario-si-o-no\/#breadcrumb"},"inLanguage":"es","potentialAction":[{"@type":"ReadAction","target":["https:\/\/shop.iturri.com\/blog\/sin-categoria\/los-logos-en-los-certificados-de-epis-de-vestuario-si-o-no\/"]}]},{"@type":"ImageObject","inLanguage":"es","@id":"https:\/\/shop.iturri.com\/blog\/sin-categoria\/los-logos-en-los-certificados-de-epis-de-vestuario-si-o-no\/#primaryimage","url":"https:\/\/shop.iturri.com\/blog\/wp-content\/uploads\/2020\/10\/logos-si-o-no-en-los-epis.png","contentUrl":"https:\/\/shop.iturri.com\/blog\/wp-content\/uploads\/2020\/10\/logos-si-o-no-en-los-epis.png","width":567,"height":196},{"@type":"BreadcrumbList","@id":"https:\/\/shop.iturri.com\/blog\/sin-categoria\/los-logos-en-los-certificados-de-epis-de-vestuario-si-o-no\/#breadcrumb","itemListElement":[{"@type":"ListItem","position":1,"name":"Portada","item":"https:\/\/shop.iturri.com\/blog\/"},{"@type":"ListItem","position":2,"name":"Los \u00abLogos\u00bb en los certificados de EPIs"}]},{"@type":"WebSite","@id":"https:\/\/shop.iturri.com\/blog\/#website","url":"https:\/\/shop.iturri.com\/blog\/","name":"@ITURRI blog","description":"Blog dedicado a poner en valor los 70 a\u00f1os de experiencia en la protecci\u00f3n de las personas","potentialAction":[{"@type":"SearchAction","target":{"@type":"EntryPoint","urlTemplate":"https:\/\/shop.iturri.com\/blog\/?s={search_term_string}"},"query-input":{"@type":"PropertyValueSpecification","valueRequired":true,"valueName":"search_term_string"}}],"inLanguage":"es"},{"@type":"Person","@id":"https:\/\/shop.iturri.com\/blog\/#\/schema\/person\/41f5077a00789fb7f977cc31aa19e463","name":"Cristina Mart\u00edn Rubio","image":{"@type":"ImageObject","inLanguage":"es","@id":"https:\/\/secure.gravatar.com\/avatar\/10d9bb914664614871213d728726e562fe3ca9f2145ee9f5f85ecadd78fb077a?s=96&d=mm&r=g","url":"https:\/\/secure.gravatar.com\/avatar\/10d9bb914664614871213d728726e562fe3ca9f2145ee9f5f85ecadd78fb077a?s=96&d=mm&r=g","contentUrl":"https:\/\/secure.gravatar.com\/avatar\/10d9bb914664614871213d728726e562fe3ca9f2145ee9f5f85ecadd78fb077a?s=96&d=mm&r=g","caption":"Cristina Mart\u00edn Rubio"},"sameAs":["https:\/\/shop.iturri.com"],"url":"https:\/\/shop.iturri.com\/blog\/author\/cristina-martin\/"}]}},"_links":{"self":[{"href":"https:\/\/shop.iturri.com\/blog\/wp-json\/wp\/v2\/posts\/363","targetHints":{"allow":["GET"]}}],"collection":[{"href":"https:\/\/shop.iturri.com\/blog\/wp-json\/wp\/v2\/posts"}],"about":[{"href":"https:\/\/shop.iturri.com\/blog\/wp-json\/wp\/v2\/types\/post"}],"author":[{"embeddable":true,"href":"https:\/\/shop.iturri.com\/blog\/wp-json\/wp\/v2\/users\/12"}],"replies":[{"embeddable":true,"href":"https:\/\/shop.iturri.com\/blog\/wp-json\/wp\/v2\/comments?post=363"}],"version-history":[{"count":2,"href":"https:\/\/shop.iturri.com\/blog\/wp-json\/wp\/v2\/posts\/363\/revisions"}],"predecessor-version":[{"id":1179,"href":"https:\/\/shop.iturri.com\/blog\/wp-json\/wp\/v2\/posts\/363\/revisions\/1179"}],"wp:featuredmedia":[{"embeddable":true,"href":"https:\/\/shop.iturri.com\/blog\/wp-json\/wp\/v2\/media\/365"}],"wp:attachment":[{"href":"https:\/\/shop.iturri.com\/blog\/wp-json\/wp\/v2\/media?parent=363"}],"wp:term":[{"taxonomy":"category","embeddable":true,"href":"https:\/\/shop.iturri.com\/blog\/wp-json\/wp\/v2\/categories?post=363"},{"taxonomy":"post_tag","embeddable":true,"href":"https:\/\/shop.iturri.com\/blog\/wp-json\/wp\/v2\/tags?post=363"}],"curies":[{"name":"wp","href":"https:\/\/api.w.org\/{rel}","templated":true}]}}