{"id":369,"date":"2020-10-08T19:37:01","date_gmt":"2020-10-08T18:37:01","guid":{"rendered":"http:\/\/shop.iturri.com\/blog\/?p=369"},"modified":"2021-07-13T09:07:05","modified_gmt":"2021-07-13T08:07:05","slug":"mascarillas-de-tela-protegen-o-nomascarillas-higienicas","status":"publish","type":"post","link":"https:\/\/shop.iturri.com\/blog\/mascarillas\/mascarillas-de-tela-protegen-o-nomascarillas-higienicas\/","title":{"rendered":"MASCARILLAS DE TELA, \u00bfPROTEGEN O NO?"},"content":{"rendered":"\n<p>Hemos visto durante todos estos meses de la pandemia muchas mascarillas,\nEPI y no EPI, que entraban en el mercado sin ning\u00fan tipo de control, incluidas\nlas mascarillas de tela, muchas de ellas, caseras, y que se usaban sin ning\u00fan\nmiedo para \u201cprotegerse\u201d del virus, \u00bfestaban protegidas las personas que las\nusaban? \u00bfy las de su alrededor? La respuesta es NO. <\/p>\n\n\n\n<div class=\"wp-block-image is-style-circle-mask\"><figure class=\"aligncenter size-large\"><img loading=\"lazy\" decoding=\"async\" width=\"185\" height=\"150\" src=\"https:\/\/shop.iturri.com\/blog\/wp-content\/uploads\/2020\/10\/Post-carlos.png\" alt=\"\" class=\"wp-image-371\"\/><\/figure><\/div>\n\n\n\n<p>Debemos tener en cuenta que la mascarilla higi\u00e9nica <strong>no es un EPI<\/strong> ni un Producto Sanitario, es un complemento al resto de medidas de seguridad (higiene, distanciamiento social, etc). Para poner orden en ese autoabastecimiento o fabricaciones propias en Espa\u00f1a surgi\u00f3 la UNE 0065 para las mascarillas higi\u00e9nicas reutilizables, que marca una serie de par\u00e1metros basados en la norma que rige las mascarillas quir\u00fargicas, la EN14683. Con ello se consigue distinguir entre mascarillas de tela \u201ccaseras\u201d y las mascarillas higi\u00e9nicas con un test de ensayo, por tanto, de protecci\u00f3n. <\/p>\n\n\n\n<figure class=\"wp-block-image size-large\"><img loading=\"lazy\" decoding=\"async\" width=\"567\" height=\"160\" src=\"https:\/\/shop.iturri.com\/blog\/wp-content\/uploads\/2020\/10\/post-carlos-2.png\" alt=\"\" class=\"wp-image-372\" srcset=\"https:\/\/shop.iturri.com\/blog\/wp-content\/uploads\/2020\/10\/post-carlos-2.png 567w, https:\/\/shop.iturri.com\/blog\/wp-content\/uploads\/2020\/10\/post-carlos-2-300x85.png 300w\" sizes=\"auto, (max-width: 567px) 100vw, 567px\" \/><\/figure>\n\n\n\n<p>Posteriormente, ya a nivel Europeo, se publica el 17\/06\/2020 el Acuerdo CWA\n17553, donde se intenta marcar una serie de par\u00e1metros entre todos los\norganismos que participan en su elaboraci\u00f3n para la fabricaci\u00f3n de este tipo de\nmascarillas. El objetivo es el mismo, poner cierto orden y criterios, que\nliberen la producci\u00f3n y permitan a los usuarios estar protegidos bajo una serie\nde par\u00e1metros. En este caso se establecen dos par\u00e1metros.<\/p>\n\n\n\n<div class=\"wp-block-image\"><figure class=\"aligncenter size-large\"><img loading=\"lazy\" decoding=\"async\" width=\"260\" height=\"82\" src=\"https:\/\/shop.iturri.com\/blog\/wp-content\/uploads\/2020\/10\/post-carlos-3.png\" alt=\"\" class=\"wp-image-373\"\/><\/figure><\/div>\n\n\n\n<p>Recientemente estamos viendo publicadas noticias que informan que no est\u00e1n\npermitidas las mascarillas de tela en determinados centros Sanitarios,\nrecordemos que la mascarilla higi\u00e9nica no es ni un EPI ni un PS, esto es debido\na la falta de cumplimiento de los requisitos marcados por parte de algunos\nfabricantes y se limita a las mascarillas higi\u00e9nicas que no cumplen dichos\nrequisitos. <\/p>\n\n\n\n<p><strong>\u00bfQu\u00e9 te ofrecemos desde Iturri? <\/strong>La respuesta es sencilla, protecci\u00f3n. Nuestras mascarillas cumplen con todos los par\u00e1metros y requisitos marcados porque nuestro objetivo ha sido, es y ser\u00e1 protegerte, para ello tenemos los test que lo acreditan y muchos a\u00f1os de experiencia en protecci\u00f3n. <\/p>\n\n\n\n<p><strong>Nuestras mascarillas tienen unos valores de protecci\u00f3n que nos permiten cumplir los requisitos tanto de la UNE 0065 (10 ciclos de lavado) como del Acuerdo CWA 17553 (50 ciclos de lavado)<\/strong>, superamos con creces los requisitos de BFE, la respirabilidad hace de nuestra mascarilla que casi no sientas que la llevas, son mascarillas de una sola capa con un tejido testado tanto en blanco como para la estampaci\u00f3n, que permite la personalizaci\u00f3n de la mascarilla, lo que hace de nuestras mascarillas un elemento de protecci\u00f3n f\u00e1cil y c\u00f3modo de usar, con tejido hidr\u00f3fugo y certificado OEKO-TEX.<\/p>\n\n\n\n<p>Si tienes alguna duda o necesitas m\u00e1s informaci\u00f3n, <a href=\"https:\/\/shop.iturri.com\/contacto\">\u00a1contacta con nosotros!<\/a> Siempre es un placer poder ayudar a protegerte. <\/p>\n","protected":false},"excerpt":{"rendered":"<p>Hemos visto durante todos estos meses de la pandemia muchas mascarillas, EPI y no EPI, que entraban en el mercado sin ning\u00fan tipo de control, incluidas las mascarillas de tela, muchas de ellas, caseras, y que se usaban sin ning\u00fan miedo para \u201cprotegerse\u201d del virus, \u00bfestaban protegidas las personas que las usaban? \u00bfy las de [&hellip;]<\/p>\n","protected":false},"author":9,"featured_media":371,"comment_status":"open","ping_status":"open","sticky":false,"template":"","format":"standard","meta":{"footnotes":""},"categories":[28,1],"tags":[],"class_list":["post-369","post","type-post","status-publish","format-standard","has-post-thumbnail","hentry","category-mascarillas","category-sin-categoria"],"yoast_head":"<!-- This site is optimized with the Yoast SEO plugin v27.3 - https:\/\/yoast.com\/product\/yoast-seo-wordpress\/ -->\n<title>MASCARILLAS DE TELA, \u00bfPROTEGEN O NO? - @ITURRI blog<\/title>\n<meta name=\"description\" content=\"Existen muchas dudas acerca de si las mascarillas de tela protegen frente al coronavirus. Por ello, desde ITURRI te explicamos todo lo que debes saber.\" \/>\n<meta name=\"robots\" content=\"index, follow, max-snippet:-1, max-image-preview:large, max-video-preview:-1\" \/>\n<link rel=\"canonical\" href=\"https:\/\/shop.iturri.com\/blog\/mascarillas\/mascarillas-de-tela-protegen-o-nomascarillas-higienicas\/\" \/>\n<meta property=\"og:locale\" content=\"es_ES\" \/>\n<meta property=\"og:type\" content=\"article\" \/>\n<meta property=\"og:title\" content=\"MASCARILLAS DE TELA, \u00bfPROTEGEN O NO? - @ITURRI blog\" \/>\n<meta property=\"og:description\" content=\"Existen muchas dudas acerca de si las mascarillas de tela protegen frente al coronavirus. Por ello, desde ITURRI te explicamos todo lo que debes saber.\" \/>\n<meta property=\"og:url\" content=\"https:\/\/shop.iturri.com\/blog\/mascarillas\/mascarillas-de-tela-protegen-o-nomascarillas-higienicas\/\" \/>\n<meta property=\"og:site_name\" content=\"@ITURRI blog\" \/>\n<meta property=\"article:published_time\" content=\"2020-10-08T18:37:01+00:00\" \/>\n<meta property=\"article:modified_time\" content=\"2021-07-13T08:07:05+00:00\" \/>\n<meta property=\"og:image\" content=\"https:\/\/shop.iturri.com\/blog\/wp-content\/uploads\/2020\/10\/Post-carlos.png\" \/>\n\t<meta property=\"og:image:width\" content=\"185\" \/>\n\t<meta property=\"og:image:height\" content=\"150\" \/>\n\t<meta property=\"og:image:type\" content=\"image\/png\" \/>\n<meta name=\"author\" content=\"Carlos Ruesta\" \/>\n<meta name=\"twitter:card\" content=\"summary_large_image\" \/>\n<meta name=\"twitter:label1\" content=\"Escrito por\" \/>\n\t<meta name=\"twitter:data1\" content=\"Carlos Ruesta\" \/>\n\t<meta name=\"twitter:label2\" content=\"Tiempo de lectura\" \/>\n\t<meta name=\"twitter:data2\" content=\"2 minutos\" \/>\n<script type=\"application\/ld+json\" class=\"yoast-schema-graph\">{\"@context\":\"https:\\\/\\\/schema.org\",\"@graph\":[{\"@type\":\"Article\",\"@id\":\"https:\\\/\\\/shop.iturri.com\\\/blog\\\/mascarillas\\\/mascarillas-de-tela-protegen-o-nomascarillas-higienicas\\\/#article\",\"isPartOf\":{\"@id\":\"https:\\\/\\\/shop.iturri.com\\\/blog\\\/mascarillas\\\/mascarillas-de-tela-protegen-o-nomascarillas-higienicas\\\/\"},\"author\":{\"name\":\"Carlos Ruesta\",\"@id\":\"https:\\\/\\\/shop.iturri.com\\\/blog\\\/#\\\/schema\\\/person\\\/fa9c312eb4ccbdddc73d90c3919af0d5\"},\"headline\":\"MASCARILLAS DE TELA, \u00bfPROTEGEN O NO?\",\"datePublished\":\"2020-10-08T18:37:01+00:00\",\"dateModified\":\"2021-07-13T08:07:05+00:00\",\"mainEntityOfPage\":{\"@id\":\"https:\\\/\\\/shop.iturri.com\\\/blog\\\/mascarillas\\\/mascarillas-de-tela-protegen-o-nomascarillas-higienicas\\\/\"},\"wordCount\":471,\"commentCount\":0,\"image\":{\"@id\":\"https:\\\/\\\/shop.iturri.com\\\/blog\\\/mascarillas\\\/mascarillas-de-tela-protegen-o-nomascarillas-higienicas\\\/#primaryimage\"},\"thumbnailUrl\":\"https:\\\/\\\/shop.iturri.com\\\/blog\\\/wp-content\\\/uploads\\\/2020\\\/10\\\/Post-carlos.png\",\"articleSection\":[\"Mascarillas\"],\"inLanguage\":\"es\",\"potentialAction\":[{\"@type\":\"CommentAction\",\"name\":\"Comment\",\"target\":[\"https:\\\/\\\/shop.iturri.com\\\/blog\\\/mascarillas\\\/mascarillas-de-tela-protegen-o-nomascarillas-higienicas\\\/#respond\"]}]},{\"@type\":\"WebPage\",\"@id\":\"https:\\\/\\\/shop.iturri.com\\\/blog\\\/mascarillas\\\/mascarillas-de-tela-protegen-o-nomascarillas-higienicas\\\/\",\"url\":\"https:\\\/\\\/shop.iturri.com\\\/blog\\\/mascarillas\\\/mascarillas-de-tela-protegen-o-nomascarillas-higienicas\\\/\",\"name\":\"MASCARILLAS DE TELA, \u00bfPROTEGEN O NO? - @ITURRI blog\",\"isPartOf\":{\"@id\":\"https:\\\/\\\/shop.iturri.com\\\/blog\\\/#website\"},\"primaryImageOfPage\":{\"@id\":\"https:\\\/\\\/shop.iturri.com\\\/blog\\\/mascarillas\\\/mascarillas-de-tela-protegen-o-nomascarillas-higienicas\\\/#primaryimage\"},\"image\":{\"@id\":\"https:\\\/\\\/shop.iturri.com\\\/blog\\\/mascarillas\\\/mascarillas-de-tela-protegen-o-nomascarillas-higienicas\\\/#primaryimage\"},\"thumbnailUrl\":\"https:\\\/\\\/shop.iturri.com\\\/blog\\\/wp-content\\\/uploads\\\/2020\\\/10\\\/Post-carlos.png\",\"datePublished\":\"2020-10-08T18:37:01+00:00\",\"dateModified\":\"2021-07-13T08:07:05+00:00\",\"author\":{\"@id\":\"https:\\\/\\\/shop.iturri.com\\\/blog\\\/#\\\/schema\\\/person\\\/fa9c312eb4ccbdddc73d90c3919af0d5\"},\"description\":\"Existen muchas dudas acerca de si las mascarillas de tela protegen frente al coronavirus. Por ello, desde ITURRI te explicamos todo lo que debes saber.\",\"breadcrumb\":{\"@id\":\"https:\\\/\\\/shop.iturri.com\\\/blog\\\/mascarillas\\\/mascarillas-de-tela-protegen-o-nomascarillas-higienicas\\\/#breadcrumb\"},\"inLanguage\":\"es\",\"potentialAction\":[{\"@type\":\"ReadAction\",\"target\":[\"https:\\\/\\\/shop.iturri.com\\\/blog\\\/mascarillas\\\/mascarillas-de-tela-protegen-o-nomascarillas-higienicas\\\/\"]}]},{\"@type\":\"ImageObject\",\"inLanguage\":\"es\",\"@id\":\"https:\\\/\\\/shop.iturri.com\\\/blog\\\/mascarillas\\\/mascarillas-de-tela-protegen-o-nomascarillas-higienicas\\\/#primaryimage\",\"url\":\"https:\\\/\\\/shop.iturri.com\\\/blog\\\/wp-content\\\/uploads\\\/2020\\\/10\\\/Post-carlos.png\",\"contentUrl\":\"https:\\\/\\\/shop.iturri.com\\\/blog\\\/wp-content\\\/uploads\\\/2020\\\/10\\\/Post-carlos.png\",\"width\":185,\"height\":150},{\"@type\":\"BreadcrumbList\",\"@id\":\"https:\\\/\\\/shop.iturri.com\\\/blog\\\/mascarillas\\\/mascarillas-de-tela-protegen-o-nomascarillas-higienicas\\\/#breadcrumb\",\"itemListElement\":[{\"@type\":\"ListItem\",\"position\":1,\"name\":\"Portada\",\"item\":\"https:\\\/\\\/shop.iturri.com\\\/blog\\\/\"},{\"@type\":\"ListItem\",\"position\":2,\"name\":\"MASCARILLAS DE TELA, \u00bfPROTEGEN O NO?\"}]},{\"@type\":\"WebSite\",\"@id\":\"https:\\\/\\\/shop.iturri.com\\\/blog\\\/#website\",\"url\":\"https:\\\/\\\/shop.iturri.com\\\/blog\\\/\",\"name\":\"@ITURRI blog\",\"description\":\"Blog dedicado a poner en valor los 70 a\u00f1os de experiencia en la protecci\u00f3n de las personas\",\"potentialAction\":[{\"@type\":\"SearchAction\",\"target\":{\"@type\":\"EntryPoint\",\"urlTemplate\":\"https:\\\/\\\/shop.iturri.com\\\/blog\\\/?s={search_term_string}\"},\"query-input\":{\"@type\":\"PropertyValueSpecification\",\"valueRequired\":true,\"valueName\":\"search_term_string\"}}],\"inLanguage\":\"es\"},{\"@type\":\"Person\",\"@id\":\"https:\\\/\\\/shop.iturri.com\\\/blog\\\/#\\\/schema\\\/person\\\/fa9c312eb4ccbdddc73d90c3919af0d5\",\"name\":\"Carlos Ruesta\",\"image\":{\"@type\":\"ImageObject\",\"inLanguage\":\"es\",\"@id\":\"https:\\\/\\\/secure.gravatar.com\\\/avatar\\\/471e8e4e7efd94995f1bc45360a164d25caec9a3075f849c2da123e5a10f9466?s=96&d=mm&r=g\",\"url\":\"https:\\\/\\\/secure.gravatar.com\\\/avatar\\\/471e8e4e7efd94995f1bc45360a164d25caec9a3075f849c2da123e5a10f9466?s=96&d=mm&r=g\",\"contentUrl\":\"https:\\\/\\\/secure.gravatar.com\\\/avatar\\\/471e8e4e7efd94995f1bc45360a164d25caec9a3075f849c2da123e5a10f9466?s=96&d=mm&r=g\",\"caption\":\"Carlos Ruesta\"},\"sameAs\":[\"https:\\\/\\\/shop.iturri.com\"],\"url\":\"https:\\\/\\\/shop.iturri.com\\\/blog\\\/author\\\/carlos-ruesta\\\/\"}]}<\/script>\n<!-- \/ Yoast SEO plugin. -->","yoast_head_json":{"title":"MASCARILLAS DE TELA, \u00bfPROTEGEN O NO? - @ITURRI blog","description":"Existen muchas dudas acerca de si las mascarillas de tela protegen frente al coronavirus. Por ello, desde ITURRI te explicamos todo lo que debes saber.","robots":{"index":"index","follow":"follow","max-snippet":"max-snippet:-1","max-image-preview":"max-image-preview:large","max-video-preview":"max-video-preview:-1"},"canonical":"https:\/\/shop.iturri.com\/blog\/mascarillas\/mascarillas-de-tela-protegen-o-nomascarillas-higienicas\/","og_locale":"es_ES","og_type":"article","og_title":"MASCARILLAS DE TELA, \u00bfPROTEGEN O NO? - @ITURRI blog","og_description":"Existen muchas dudas acerca de si las mascarillas de tela protegen frente al coronavirus. Por ello, desde ITURRI te explicamos todo lo que debes saber.","og_url":"https:\/\/shop.iturri.com\/blog\/mascarillas\/mascarillas-de-tela-protegen-o-nomascarillas-higienicas\/","og_site_name":"@ITURRI blog","article_published_time":"2020-10-08T18:37:01+00:00","article_modified_time":"2021-07-13T08:07:05+00:00","og_image":[{"width":185,"height":150,"url":"https:\/\/shop.iturri.com\/blog\/wp-content\/uploads\/2020\/10\/Post-carlos.png","type":"image\/png"}],"author":"Carlos Ruesta","twitter_card":"summary_large_image","twitter_misc":{"Escrito por":"Carlos Ruesta","Tiempo de lectura":"2 minutos"},"schema":{"@context":"https:\/\/schema.org","@graph":[{"@type":"Article","@id":"https:\/\/shop.iturri.com\/blog\/mascarillas\/mascarillas-de-tela-protegen-o-nomascarillas-higienicas\/#article","isPartOf":{"@id":"https:\/\/shop.iturri.com\/blog\/mascarillas\/mascarillas-de-tela-protegen-o-nomascarillas-higienicas\/"},"author":{"name":"Carlos Ruesta","@id":"https:\/\/shop.iturri.com\/blog\/#\/schema\/person\/fa9c312eb4ccbdddc73d90c3919af0d5"},"headline":"MASCARILLAS DE TELA, \u00bfPROTEGEN O NO?","datePublished":"2020-10-08T18:37:01+00:00","dateModified":"2021-07-13T08:07:05+00:00","mainEntityOfPage":{"@id":"https:\/\/shop.iturri.com\/blog\/mascarillas\/mascarillas-de-tela-protegen-o-nomascarillas-higienicas\/"},"wordCount":471,"commentCount":0,"image":{"@id":"https:\/\/shop.iturri.com\/blog\/mascarillas\/mascarillas-de-tela-protegen-o-nomascarillas-higienicas\/#primaryimage"},"thumbnailUrl":"https:\/\/shop.iturri.com\/blog\/wp-content\/uploads\/2020\/10\/Post-carlos.png","articleSection":["Mascarillas"],"inLanguage":"es","potentialAction":[{"@type":"CommentAction","name":"Comment","target":["https:\/\/shop.iturri.com\/blog\/mascarillas\/mascarillas-de-tela-protegen-o-nomascarillas-higienicas\/#respond"]}]},{"@type":"WebPage","@id":"https:\/\/shop.iturri.com\/blog\/mascarillas\/mascarillas-de-tela-protegen-o-nomascarillas-higienicas\/","url":"https:\/\/shop.iturri.com\/blog\/mascarillas\/mascarillas-de-tela-protegen-o-nomascarillas-higienicas\/","name":"MASCARILLAS DE TELA, \u00bfPROTEGEN O NO? - @ITURRI blog","isPartOf":{"@id":"https:\/\/shop.iturri.com\/blog\/#website"},"primaryImageOfPage":{"@id":"https:\/\/shop.iturri.com\/blog\/mascarillas\/mascarillas-de-tela-protegen-o-nomascarillas-higienicas\/#primaryimage"},"image":{"@id":"https:\/\/shop.iturri.com\/blog\/mascarillas\/mascarillas-de-tela-protegen-o-nomascarillas-higienicas\/#primaryimage"},"thumbnailUrl":"https:\/\/shop.iturri.com\/blog\/wp-content\/uploads\/2020\/10\/Post-carlos.png","datePublished":"2020-10-08T18:37:01+00:00","dateModified":"2021-07-13T08:07:05+00:00","author":{"@id":"https:\/\/shop.iturri.com\/blog\/#\/schema\/person\/fa9c312eb4ccbdddc73d90c3919af0d5"},"description":"Existen muchas dudas acerca de si las mascarillas de tela protegen frente al coronavirus. Por ello, desde ITURRI te explicamos todo lo que debes saber.","breadcrumb":{"@id":"https:\/\/shop.iturri.com\/blog\/mascarillas\/mascarillas-de-tela-protegen-o-nomascarillas-higienicas\/#breadcrumb"},"inLanguage":"es","potentialAction":[{"@type":"ReadAction","target":["https:\/\/shop.iturri.com\/blog\/mascarillas\/mascarillas-de-tela-protegen-o-nomascarillas-higienicas\/"]}]},{"@type":"ImageObject","inLanguage":"es","@id":"https:\/\/shop.iturri.com\/blog\/mascarillas\/mascarillas-de-tela-protegen-o-nomascarillas-higienicas\/#primaryimage","url":"https:\/\/shop.iturri.com\/blog\/wp-content\/uploads\/2020\/10\/Post-carlos.png","contentUrl":"https:\/\/shop.iturri.com\/blog\/wp-content\/uploads\/2020\/10\/Post-carlos.png","width":185,"height":150},{"@type":"BreadcrumbList","@id":"https:\/\/shop.iturri.com\/blog\/mascarillas\/mascarillas-de-tela-protegen-o-nomascarillas-higienicas\/#breadcrumb","itemListElement":[{"@type":"ListItem","position":1,"name":"Portada","item":"https:\/\/shop.iturri.com\/blog\/"},{"@type":"ListItem","position":2,"name":"MASCARILLAS DE TELA, \u00bfPROTEGEN O NO?"}]},{"@type":"WebSite","@id":"https:\/\/shop.iturri.com\/blog\/#website","url":"https:\/\/shop.iturri.com\/blog\/","name":"@ITURRI blog","description":"Blog dedicado a poner en valor los 70 a\u00f1os de experiencia en la protecci\u00f3n de las personas","potentialAction":[{"@type":"SearchAction","target":{"@type":"EntryPoint","urlTemplate":"https:\/\/shop.iturri.com\/blog\/?s={search_term_string}"},"query-input":{"@type":"PropertyValueSpecification","valueRequired":true,"valueName":"search_term_string"}}],"inLanguage":"es"},{"@type":"Person","@id":"https:\/\/shop.iturri.com\/blog\/#\/schema\/person\/fa9c312eb4ccbdddc73d90c3919af0d5","name":"Carlos Ruesta","image":{"@type":"ImageObject","inLanguage":"es","@id":"https:\/\/secure.gravatar.com\/avatar\/471e8e4e7efd94995f1bc45360a164d25caec9a3075f849c2da123e5a10f9466?s=96&d=mm&r=g","url":"https:\/\/secure.gravatar.com\/avatar\/471e8e4e7efd94995f1bc45360a164d25caec9a3075f849c2da123e5a10f9466?s=96&d=mm&r=g","contentUrl":"https:\/\/secure.gravatar.com\/avatar\/471e8e4e7efd94995f1bc45360a164d25caec9a3075f849c2da123e5a10f9466?s=96&d=mm&r=g","caption":"Carlos Ruesta"},"sameAs":["https:\/\/shop.iturri.com"],"url":"https:\/\/shop.iturri.com\/blog\/author\/carlos-ruesta\/"}]}},"_links":{"self":[{"href":"https:\/\/shop.iturri.com\/blog\/wp-json\/wp\/v2\/posts\/369","targetHints":{"allow":["GET"]}}],"collection":[{"href":"https:\/\/shop.iturri.com\/blog\/wp-json\/wp\/v2\/posts"}],"about":[{"href":"https:\/\/shop.iturri.com\/blog\/wp-json\/wp\/v2\/types\/post"}],"author":[{"embeddable":true,"href":"https:\/\/shop.iturri.com\/blog\/wp-json\/wp\/v2\/users\/9"}],"replies":[{"embeddable":true,"href":"https:\/\/shop.iturri.com\/blog\/wp-json\/wp\/v2\/comments?post=369"}],"version-history":[{"count":3,"href":"https:\/\/shop.iturri.com\/blog\/wp-json\/wp\/v2\/posts\/369\/revisions"}],"predecessor-version":[{"id":1169,"href":"https:\/\/shop.iturri.com\/blog\/wp-json\/wp\/v2\/posts\/369\/revisions\/1169"}],"wp:featuredmedia":[{"embeddable":true,"href":"https:\/\/shop.iturri.com\/blog\/wp-json\/wp\/v2\/media\/371"}],"wp:attachment":[{"href":"https:\/\/shop.iturri.com\/blog\/wp-json\/wp\/v2\/media?parent=369"}],"wp:term":[{"taxonomy":"category","embeddable":true,"href":"https:\/\/shop.iturri.com\/blog\/wp-json\/wp\/v2\/categories?post=369"},{"taxonomy":"post_tag","embeddable":true,"href":"https:\/\/shop.iturri.com\/blog\/wp-json\/wp\/v2\/tags?post=369"}],"curies":[{"name":"wp","href":"https:\/\/api.w.org\/{rel}","templated":true}]}}