{"id":385,"date":"2020-10-15T11:52:57","date_gmt":"2020-10-15T10:52:57","guid":{"rendered":"http:\/\/shop.iturri.com\/blog\/?p=385"},"modified":"2021-07-20T08:12:49","modified_gmt":"2021-07-20T07:12:49","slug":"mascarillas-higienicasel-foco-en-las-mascarillas-de-tela","status":"publish","type":"post","link":"https:\/\/shop.iturri.com\/blog\/mascarillas\/mascarillas-higienicasel-foco-en-las-mascarillas-de-tela\/","title":{"rendered":"MASCARILLAS HIGIENICAS\u2026\u00bfEl foco en las mascarillas de tela?"},"content":{"rendered":"\n<p>Como coment\u00e1bamos la semana pasada, debido al bombardeo de mascarillas que ha sufrido el mercado durante los \u00faltimos meses, incluyendo los modelos caseros que, con muy buena intenci\u00f3n pero sin ning\u00fan tipo de protecci\u00f3n para el usuario, se han establecido una serie de especificaciones que las mascarillas higi\u00e9nicas deben cumplir para eliminar la falsa sensaci\u00f3n de seguridad que las mascarillas no testadas conllevan y dotar al mercado precisamente de eso, de protecci\u00f3n\u2026que a eso nos dedicamos en Iturri. <\/p>\n\n\n\n<p>Debido a todo esto, se va a reforzar el control, publicidad y etiquetado de\nlas mismas. La intenci\u00f3n de la Administraci\u00f3n es regular las mascarillas de\ntela para evitar problemas de salud y ayudar al consumidor, algo que\nconsideramos muy positivo y que, sin duda, garantizar\u00e1 a\u00fan m\u00e1s, la protecci\u00f3n\ndel usuario. Mientras tanto\u2026<\/p>\n\n\n\n<p><strong>\u00bfQu\u00e9 especificaciones se aceptan para fabricar estas mascarillas?<\/strong> Tenemos la\nopci\u00f3n de no reutilizable (de un solo uso) para adultos (UNE 0064-1) y para\nni\u00f1os (UNE 0064-2), o bien, reutilizables (UNE 0065, tanto para ni\u00f1os como para\nadultos, ya que incluye tallas). <\/p>\n\n\n\n<p><strong>\u00bfLas podemos reconocer por el marcado CE?<\/strong> <strong>NO<\/strong>, estas\nmascarillas no son ni un EPI ni un Producto Sanitario, por lo que ni puede ni\ndebe llevar marcado CE, ni logotipo CE. <\/p>\n\n\n\n<p>Los fabricantes somos los responsables de comprobar que el producto cumple\ncon los requisitos aplicables (materiales y ensayos certificados por un\nlaboratorio, etiquetado, seguridad, etc) y una vez revisado esto, podremos\ncomercializarlo bajo nuestra responsabilidad, por eso recomendamos a los\nusuarios que lo exijan antes de comprar.<\/p>\n\n\n\n<p><strong>\u00bfQu\u00e9 requisitos deben cumplir las mascarillas para ser aceptadas como\nespecificaciones UNE?<\/strong> Deben cubrir boca, nariz y barbilla con el ajuste\ncorrecto, confeccionadas con un material filtrante adecuado (material del\ncuerpo de la mascarilla), confeccionadas con un material que permita la\nrespirabilidad y dicho material no debe presentar un riesgo para la salud.<\/p>\n\n\n\n<p>Mascarillas No\nReutilizables (UNE 0064-1:2020 y UNE 0064-2:2020)<\/p>\n\n\n\n<figure class=\"wp-block-image size-large\"><img loading=\"lazy\" decoding=\"async\" width=\"567\" height=\"96\" src=\"https:\/\/shop.iturri.com\/blog\/wp-content\/uploads\/2020\/10\/Imagen5.png\" alt=\"mascarillas no reutilizables\" class=\"wp-image-388\" srcset=\"https:\/\/shop.iturri.com\/blog\/wp-content\/uploads\/2020\/10\/Imagen5.png 567w, https:\/\/shop.iturri.com\/blog\/wp-content\/uploads\/2020\/10\/Imagen5-300x51.png 300w\" sizes=\"auto, (max-width: 567px) 100vw, 567px\" \/><\/figure>\n\n\n\n<p>Mascarillas\nReutilizables (UNE 0065:2020)<\/p>\n\n\n\n<figure class=\"wp-block-image size-large\"><img loading=\"lazy\" decoding=\"async\" width=\"567\" height=\"118\" src=\"https:\/\/shop.iturri.com\/blog\/wp-content\/uploads\/2020\/10\/Imagen6.png\" alt=\"mascarillas reutilizables\" class=\"wp-image-389\" srcset=\"https:\/\/shop.iturri.com\/blog\/wp-content\/uploads\/2020\/10\/Imagen6.png 567w, https:\/\/shop.iturri.com\/blog\/wp-content\/uploads\/2020\/10\/Imagen6-300x62.png 300w\" sizes=\"auto, (max-width: 567px) 100vw, 567px\" \/><\/figure>\n\n\n\n<p>\u00a1Exige estos datos antes de ponerte la mascarilla! A trav\u00e9s de los test de\nensayo tendr\u00e1s la seguridad. <\/p>\n\n\n\n<p>Las mascarillas o materiales que no hayan sido sometidos a estos ensayos\nrespecto a la eficacia de filtraci\u00f3n y de respirabilidad o que no cumplan con\ndichos valores despu\u00e9s del ensayo, no podr\u00e1n alegar en el etiquetado (ya\nindicaremos en otro post qu\u00e9 debe indicar un correcto etiquetado)\ncaracter\u00edsticas que pueda llevar a confusi\u00f3n o mala interpretaci\u00f3n, por\nejemplo, \u201cprotecci\u00f3n contra el virus\u201d. Adem\u00e1s, si las identifican como lavables\ntendr\u00e1n que requisitos en cuanto a filtraci\u00f3n y respirabilidad despu\u00e9s de ese\nn\u00famero de lavados\u2026\u00a1que no te enga\u00f1en!<\/p>\n\n\n\n<p>No olvides que si tu protecci\u00f3n no es la adecuada no solo no te estar\u00e1s\nprotegiendo a ti, sino que ser\u00e1s una posible fuente de contagio, llevando el\nvirus a tu casa y poniendo en riesgo lo que m\u00e1s quieres. <\/p>\n\n\n\n<p>Si tienes alguna duda o necesitas m\u00e1s informaci\u00f3n, \u00a1<a href=\"https:\/\/shop.iturri.com\/contacto\">contacta con nosotros<\/a>! Siempre es un placer poder ayudar a protegerte.<\/p>\n","protected":false},"excerpt":{"rendered":"<p>Como coment\u00e1bamos la semana pasada, debido al bombardeo de mascarillas que ha sufrido el mercado durante los \u00faltimos meses, incluyendo los modelos caseros que, con muy buena intenci\u00f3n pero sin ning\u00fan tipo de protecci\u00f3n para el usuario, se han establecido una serie de especificaciones que las mascarillas higi\u00e9nicas deben cumplir para eliminar la falsa sensaci\u00f3n [&hellip;]<\/p>\n","protected":false},"author":9,"featured_media":387,"comment_status":"open","ping_status":"open","sticky":false,"template":"","format":"standard","meta":{"footnotes":""},"categories":[28],"tags":[62,26,63],"class_list":["post-385","post","type-post","status-publish","format-standard","has-post-thumbnail","hentry","category-mascarillas","tag-higienica","tag-mascarillas","tag-normativa"],"yoast_head":"<!-- This site is optimized with the Yoast SEO plugin v27.3 - https:\/\/yoast.com\/product\/yoast-seo-wordpress\/ -->\n<title>MASCARILLAS HIGIENICAS\u2026\u00bfEl foco en las mascarillas de tela? -<\/title>\n<meta name=\"description\" content=\"Las mascarillas son hoy en d\u00eda el producto m\u00e1s buscado. Pero, tienes que conocer los usos y riesgos de cada una. \u00bfMascarillas de tela?\" \/>\n<meta name=\"robots\" content=\"index, follow, max-snippet:-1, max-image-preview:large, max-video-preview:-1\" \/>\n<link rel=\"canonical\" href=\"https:\/\/shop.iturri.com\/blog\/mascarillas\/mascarillas-higienicasel-foco-en-las-mascarillas-de-tela\/\" \/>\n<meta property=\"og:locale\" content=\"es_ES\" \/>\n<meta property=\"og:type\" content=\"article\" \/>\n<meta property=\"og:title\" content=\"MASCARILLAS HIGIENICAS\u2026\u00bfEl foco en las mascarillas de tela? -\" \/>\n<meta property=\"og:description\" content=\"Las mascarillas son hoy en d\u00eda el producto m\u00e1s buscado. Pero, tienes que conocer los usos y riesgos de cada una. \u00bfMascarillas de tela?\" \/>\n<meta property=\"og:url\" content=\"https:\/\/shop.iturri.com\/blog\/mascarillas\/mascarillas-higienicasel-foco-en-las-mascarillas-de-tela\/\" \/>\n<meta property=\"og:site_name\" content=\"@ITURRI blog\" \/>\n<meta property=\"article:published_time\" content=\"2020-10-15T10:52:57+00:00\" \/>\n<meta property=\"article:modified_time\" content=\"2021-07-20T07:12:49+00:00\" \/>\n<meta property=\"og:image\" content=\"https:\/\/shop.iturri.com\/blog\/wp-content\/uploads\/2020\/10\/Imagen4.png\" \/>\n\t<meta property=\"og:image:width\" content=\"245\" \/>\n\t<meta property=\"og:image:height\" content=\"207\" \/>\n\t<meta property=\"og:image:type\" content=\"image\/png\" \/>\n<meta name=\"author\" content=\"Carlos Ruesta\" \/>\n<meta name=\"twitter:card\" content=\"summary_large_image\" \/>\n<meta name=\"twitter:label1\" content=\"Escrito por\" \/>\n\t<meta name=\"twitter:data1\" content=\"Carlos Ruesta\" \/>\n\t<meta name=\"twitter:label2\" content=\"Tiempo de lectura\" \/>\n\t<meta name=\"twitter:data2\" content=\"3 minutos\" \/>\n<script type=\"application\/ld+json\" class=\"yoast-schema-graph\">{\"@context\":\"https:\\\/\\\/schema.org\",\"@graph\":[{\"@type\":\"Article\",\"@id\":\"https:\\\/\\\/shop.iturri.com\\\/blog\\\/mascarillas\\\/mascarillas-higienicasel-foco-en-las-mascarillas-de-tela\\\/#article\",\"isPartOf\":{\"@id\":\"https:\\\/\\\/shop.iturri.com\\\/blog\\\/mascarillas\\\/mascarillas-higienicasel-foco-en-las-mascarillas-de-tela\\\/\"},\"author\":{\"name\":\"Carlos Ruesta\",\"@id\":\"https:\\\/\\\/shop.iturri.com\\\/blog\\\/#\\\/schema\\\/person\\\/fa9c312eb4ccbdddc73d90c3919af0d5\"},\"headline\":\"MASCARILLAS HIGIENICAS\u2026\u00bfEl foco en las mascarillas de tela?\",\"datePublished\":\"2020-10-15T10:52:57+00:00\",\"dateModified\":\"2021-07-20T07:12:49+00:00\",\"mainEntityOfPage\":{\"@id\":\"https:\\\/\\\/shop.iturri.com\\\/blog\\\/mascarillas\\\/mascarillas-higienicasel-foco-en-las-mascarillas-de-tela\\\/\"},\"wordCount\":527,\"commentCount\":0,\"image\":{\"@id\":\"https:\\\/\\\/shop.iturri.com\\\/blog\\\/mascarillas\\\/mascarillas-higienicasel-foco-en-las-mascarillas-de-tela\\\/#primaryimage\"},\"thumbnailUrl\":\"https:\\\/\\\/shop.iturri.com\\\/blog\\\/wp-content\\\/uploads\\\/2020\\\/10\\\/Imagen4.png\",\"keywords\":[\"Higi\u00e9nica\",\"mascarillas\",\"normativa\"],\"articleSection\":[\"Mascarillas\"],\"inLanguage\":\"es\",\"potentialAction\":[{\"@type\":\"CommentAction\",\"name\":\"Comment\",\"target\":[\"https:\\\/\\\/shop.iturri.com\\\/blog\\\/mascarillas\\\/mascarillas-higienicasel-foco-en-las-mascarillas-de-tela\\\/#respond\"]}]},{\"@type\":\"WebPage\",\"@id\":\"https:\\\/\\\/shop.iturri.com\\\/blog\\\/mascarillas\\\/mascarillas-higienicasel-foco-en-las-mascarillas-de-tela\\\/\",\"url\":\"https:\\\/\\\/shop.iturri.com\\\/blog\\\/mascarillas\\\/mascarillas-higienicasel-foco-en-las-mascarillas-de-tela\\\/\",\"name\":\"MASCARILLAS HIGIENICAS\u2026\u00bfEl foco en las mascarillas de tela? -\",\"isPartOf\":{\"@id\":\"https:\\\/\\\/shop.iturri.com\\\/blog\\\/#website\"},\"primaryImageOfPage\":{\"@id\":\"https:\\\/\\\/shop.iturri.com\\\/blog\\\/mascarillas\\\/mascarillas-higienicasel-foco-en-las-mascarillas-de-tela\\\/#primaryimage\"},\"image\":{\"@id\":\"https:\\\/\\\/shop.iturri.com\\\/blog\\\/mascarillas\\\/mascarillas-higienicasel-foco-en-las-mascarillas-de-tela\\\/#primaryimage\"},\"thumbnailUrl\":\"https:\\\/\\\/shop.iturri.com\\\/blog\\\/wp-content\\\/uploads\\\/2020\\\/10\\\/Imagen4.png\",\"datePublished\":\"2020-10-15T10:52:57+00:00\",\"dateModified\":\"2021-07-20T07:12:49+00:00\",\"author\":{\"@id\":\"https:\\\/\\\/shop.iturri.com\\\/blog\\\/#\\\/schema\\\/person\\\/fa9c312eb4ccbdddc73d90c3919af0d5\"},\"description\":\"Las mascarillas son hoy en d\u00eda el producto m\u00e1s buscado. Pero, tienes que conocer los usos y riesgos de cada una. \u00bfMascarillas de tela?\",\"breadcrumb\":{\"@id\":\"https:\\\/\\\/shop.iturri.com\\\/blog\\\/mascarillas\\\/mascarillas-higienicasel-foco-en-las-mascarillas-de-tela\\\/#breadcrumb\"},\"inLanguage\":\"es\",\"potentialAction\":[{\"@type\":\"ReadAction\",\"target\":[\"https:\\\/\\\/shop.iturri.com\\\/blog\\\/mascarillas\\\/mascarillas-higienicasel-foco-en-las-mascarillas-de-tela\\\/\"]}]},{\"@type\":\"ImageObject\",\"inLanguage\":\"es\",\"@id\":\"https:\\\/\\\/shop.iturri.com\\\/blog\\\/mascarillas\\\/mascarillas-higienicasel-foco-en-las-mascarillas-de-tela\\\/#primaryimage\",\"url\":\"https:\\\/\\\/shop.iturri.com\\\/blog\\\/wp-content\\\/uploads\\\/2020\\\/10\\\/Imagen4.png\",\"contentUrl\":\"https:\\\/\\\/shop.iturri.com\\\/blog\\\/wp-content\\\/uploads\\\/2020\\\/10\\\/Imagen4.png\",\"width\":245,\"height\":207,\"caption\":\"mascarillas\"},{\"@type\":\"BreadcrumbList\",\"@id\":\"https:\\\/\\\/shop.iturri.com\\\/blog\\\/mascarillas\\\/mascarillas-higienicasel-foco-en-las-mascarillas-de-tela\\\/#breadcrumb\",\"itemListElement\":[{\"@type\":\"ListItem\",\"position\":1,\"name\":\"Portada\",\"item\":\"https:\\\/\\\/shop.iturri.com\\\/blog\\\/\"},{\"@type\":\"ListItem\",\"position\":2,\"name\":\"MASCARILLAS HIGIENICAS\u2026\u00bfEl foco en las mascarillas de tela?\"}]},{\"@type\":\"WebSite\",\"@id\":\"https:\\\/\\\/shop.iturri.com\\\/blog\\\/#website\",\"url\":\"https:\\\/\\\/shop.iturri.com\\\/blog\\\/\",\"name\":\"@ITURRI blog\",\"description\":\"Blog dedicado a poner en valor los 70 a\u00f1os de experiencia en la protecci\u00f3n de las personas\",\"potentialAction\":[{\"@type\":\"SearchAction\",\"target\":{\"@type\":\"EntryPoint\",\"urlTemplate\":\"https:\\\/\\\/shop.iturri.com\\\/blog\\\/?s={search_term_string}\"},\"query-input\":{\"@type\":\"PropertyValueSpecification\",\"valueRequired\":true,\"valueName\":\"search_term_string\"}}],\"inLanguage\":\"es\"},{\"@type\":\"Person\",\"@id\":\"https:\\\/\\\/shop.iturri.com\\\/blog\\\/#\\\/schema\\\/person\\\/fa9c312eb4ccbdddc73d90c3919af0d5\",\"name\":\"Carlos Ruesta\",\"image\":{\"@type\":\"ImageObject\",\"inLanguage\":\"es\",\"@id\":\"https:\\\/\\\/secure.gravatar.com\\\/avatar\\\/471e8e4e7efd94995f1bc45360a164d25caec9a3075f849c2da123e5a10f9466?s=96&d=mm&r=g\",\"url\":\"https:\\\/\\\/secure.gravatar.com\\\/avatar\\\/471e8e4e7efd94995f1bc45360a164d25caec9a3075f849c2da123e5a10f9466?s=96&d=mm&r=g\",\"contentUrl\":\"https:\\\/\\\/secure.gravatar.com\\\/avatar\\\/471e8e4e7efd94995f1bc45360a164d25caec9a3075f849c2da123e5a10f9466?s=96&d=mm&r=g\",\"caption\":\"Carlos Ruesta\"},\"sameAs\":[\"https:\\\/\\\/shop.iturri.com\"],\"url\":\"https:\\\/\\\/shop.iturri.com\\\/blog\\\/author\\\/carlos-ruesta\\\/\"}]}<\/script>\n<!-- \/ Yoast SEO plugin. -->","yoast_head_json":{"title":"MASCARILLAS HIGIENICAS\u2026\u00bfEl foco en las mascarillas de tela? -","description":"Las mascarillas son hoy en d\u00eda el producto m\u00e1s buscado. Pero, tienes que conocer los usos y riesgos de cada una. \u00bfMascarillas de tela?","robots":{"index":"index","follow":"follow","max-snippet":"max-snippet:-1","max-image-preview":"max-image-preview:large","max-video-preview":"max-video-preview:-1"},"canonical":"https:\/\/shop.iturri.com\/blog\/mascarillas\/mascarillas-higienicasel-foco-en-las-mascarillas-de-tela\/","og_locale":"es_ES","og_type":"article","og_title":"MASCARILLAS HIGIENICAS\u2026\u00bfEl foco en las mascarillas de tela? -","og_description":"Las mascarillas son hoy en d\u00eda el producto m\u00e1s buscado. Pero, tienes que conocer los usos y riesgos de cada una. \u00bfMascarillas de tela?","og_url":"https:\/\/shop.iturri.com\/blog\/mascarillas\/mascarillas-higienicasel-foco-en-las-mascarillas-de-tela\/","og_site_name":"@ITURRI blog","article_published_time":"2020-10-15T10:52:57+00:00","article_modified_time":"2021-07-20T07:12:49+00:00","og_image":[{"width":245,"height":207,"url":"https:\/\/shop.iturri.com\/blog\/wp-content\/uploads\/2020\/10\/Imagen4.png","type":"image\/png"}],"author":"Carlos Ruesta","twitter_card":"summary_large_image","twitter_misc":{"Escrito por":"Carlos Ruesta","Tiempo de lectura":"3 minutos"},"schema":{"@context":"https:\/\/schema.org","@graph":[{"@type":"Article","@id":"https:\/\/shop.iturri.com\/blog\/mascarillas\/mascarillas-higienicasel-foco-en-las-mascarillas-de-tela\/#article","isPartOf":{"@id":"https:\/\/shop.iturri.com\/blog\/mascarillas\/mascarillas-higienicasel-foco-en-las-mascarillas-de-tela\/"},"author":{"name":"Carlos Ruesta","@id":"https:\/\/shop.iturri.com\/blog\/#\/schema\/person\/fa9c312eb4ccbdddc73d90c3919af0d5"},"headline":"MASCARILLAS HIGIENICAS\u2026\u00bfEl foco en las mascarillas de tela?","datePublished":"2020-10-15T10:52:57+00:00","dateModified":"2021-07-20T07:12:49+00:00","mainEntityOfPage":{"@id":"https:\/\/shop.iturri.com\/blog\/mascarillas\/mascarillas-higienicasel-foco-en-las-mascarillas-de-tela\/"},"wordCount":527,"commentCount":0,"image":{"@id":"https:\/\/shop.iturri.com\/blog\/mascarillas\/mascarillas-higienicasel-foco-en-las-mascarillas-de-tela\/#primaryimage"},"thumbnailUrl":"https:\/\/shop.iturri.com\/blog\/wp-content\/uploads\/2020\/10\/Imagen4.png","keywords":["Higi\u00e9nica","mascarillas","normativa"],"articleSection":["Mascarillas"],"inLanguage":"es","potentialAction":[{"@type":"CommentAction","name":"Comment","target":["https:\/\/shop.iturri.com\/blog\/mascarillas\/mascarillas-higienicasel-foco-en-las-mascarillas-de-tela\/#respond"]}]},{"@type":"WebPage","@id":"https:\/\/shop.iturri.com\/blog\/mascarillas\/mascarillas-higienicasel-foco-en-las-mascarillas-de-tela\/","url":"https:\/\/shop.iturri.com\/blog\/mascarillas\/mascarillas-higienicasel-foco-en-las-mascarillas-de-tela\/","name":"MASCARILLAS HIGIENICAS\u2026\u00bfEl foco en las mascarillas de tela? -","isPartOf":{"@id":"https:\/\/shop.iturri.com\/blog\/#website"},"primaryImageOfPage":{"@id":"https:\/\/shop.iturri.com\/blog\/mascarillas\/mascarillas-higienicasel-foco-en-las-mascarillas-de-tela\/#primaryimage"},"image":{"@id":"https:\/\/shop.iturri.com\/blog\/mascarillas\/mascarillas-higienicasel-foco-en-las-mascarillas-de-tela\/#primaryimage"},"thumbnailUrl":"https:\/\/shop.iturri.com\/blog\/wp-content\/uploads\/2020\/10\/Imagen4.png","datePublished":"2020-10-15T10:52:57+00:00","dateModified":"2021-07-20T07:12:49+00:00","author":{"@id":"https:\/\/shop.iturri.com\/blog\/#\/schema\/person\/fa9c312eb4ccbdddc73d90c3919af0d5"},"description":"Las mascarillas son hoy en d\u00eda el producto m\u00e1s buscado. Pero, tienes que conocer los usos y riesgos de cada una. \u00bfMascarillas de tela?","breadcrumb":{"@id":"https:\/\/shop.iturri.com\/blog\/mascarillas\/mascarillas-higienicasel-foco-en-las-mascarillas-de-tela\/#breadcrumb"},"inLanguage":"es","potentialAction":[{"@type":"ReadAction","target":["https:\/\/shop.iturri.com\/blog\/mascarillas\/mascarillas-higienicasel-foco-en-las-mascarillas-de-tela\/"]}]},{"@type":"ImageObject","inLanguage":"es","@id":"https:\/\/shop.iturri.com\/blog\/mascarillas\/mascarillas-higienicasel-foco-en-las-mascarillas-de-tela\/#primaryimage","url":"https:\/\/shop.iturri.com\/blog\/wp-content\/uploads\/2020\/10\/Imagen4.png","contentUrl":"https:\/\/shop.iturri.com\/blog\/wp-content\/uploads\/2020\/10\/Imagen4.png","width":245,"height":207,"caption":"mascarillas"},{"@type":"BreadcrumbList","@id":"https:\/\/shop.iturri.com\/blog\/mascarillas\/mascarillas-higienicasel-foco-en-las-mascarillas-de-tela\/#breadcrumb","itemListElement":[{"@type":"ListItem","position":1,"name":"Portada","item":"https:\/\/shop.iturri.com\/blog\/"},{"@type":"ListItem","position":2,"name":"MASCARILLAS HIGIENICAS\u2026\u00bfEl foco en las mascarillas de tela?"}]},{"@type":"WebSite","@id":"https:\/\/shop.iturri.com\/blog\/#website","url":"https:\/\/shop.iturri.com\/blog\/","name":"@ITURRI blog","description":"Blog dedicado a poner en valor los 70 a\u00f1os de experiencia en la protecci\u00f3n de las personas","potentialAction":[{"@type":"SearchAction","target":{"@type":"EntryPoint","urlTemplate":"https:\/\/shop.iturri.com\/blog\/?s={search_term_string}"},"query-input":{"@type":"PropertyValueSpecification","valueRequired":true,"valueName":"search_term_string"}}],"inLanguage":"es"},{"@type":"Person","@id":"https:\/\/shop.iturri.com\/blog\/#\/schema\/person\/fa9c312eb4ccbdddc73d90c3919af0d5","name":"Carlos Ruesta","image":{"@type":"ImageObject","inLanguage":"es","@id":"https:\/\/secure.gravatar.com\/avatar\/471e8e4e7efd94995f1bc45360a164d25caec9a3075f849c2da123e5a10f9466?s=96&d=mm&r=g","url":"https:\/\/secure.gravatar.com\/avatar\/471e8e4e7efd94995f1bc45360a164d25caec9a3075f849c2da123e5a10f9466?s=96&d=mm&r=g","contentUrl":"https:\/\/secure.gravatar.com\/avatar\/471e8e4e7efd94995f1bc45360a164d25caec9a3075f849c2da123e5a10f9466?s=96&d=mm&r=g","caption":"Carlos Ruesta"},"sameAs":["https:\/\/shop.iturri.com"],"url":"https:\/\/shop.iturri.com\/blog\/author\/carlos-ruesta\/"}]}},"_links":{"self":[{"href":"https:\/\/shop.iturri.com\/blog\/wp-json\/wp\/v2\/posts\/385","targetHints":{"allow":["GET"]}}],"collection":[{"href":"https:\/\/shop.iturri.com\/blog\/wp-json\/wp\/v2\/posts"}],"about":[{"href":"https:\/\/shop.iturri.com\/blog\/wp-json\/wp\/v2\/types\/post"}],"author":[{"embeddable":true,"href":"https:\/\/shop.iturri.com\/blog\/wp-json\/wp\/v2\/users\/9"}],"replies":[{"embeddable":true,"href":"https:\/\/shop.iturri.com\/blog\/wp-json\/wp\/v2\/comments?post=385"}],"version-history":[{"count":3,"href":"https:\/\/shop.iturri.com\/blog\/wp-json\/wp\/v2\/posts\/385\/revisions"}],"predecessor-version":[{"id":1210,"href":"https:\/\/shop.iturri.com\/blog\/wp-json\/wp\/v2\/posts\/385\/revisions\/1210"}],"wp:featuredmedia":[{"embeddable":true,"href":"https:\/\/shop.iturri.com\/blog\/wp-json\/wp\/v2\/media\/387"}],"wp:attachment":[{"href":"https:\/\/shop.iturri.com\/blog\/wp-json\/wp\/v2\/media?parent=385"}],"wp:term":[{"taxonomy":"category","embeddable":true,"href":"https:\/\/shop.iturri.com\/blog\/wp-json\/wp\/v2\/categories?post=385"},{"taxonomy":"post_tag","embeddable":true,"href":"https:\/\/shop.iturri.com\/blog\/wp-json\/wp\/v2\/tags?post=385"}],"curies":[{"name":"wp","href":"https:\/\/api.w.org\/{rel}","templated":true}]}}