{"id":554,"date":"2020-11-20T09:37:57","date_gmt":"2020-11-20T08:37:57","guid":{"rendered":"http:\/\/shop.iturri.com\/blog\/?p=554"},"modified":"2021-07-14T10:02:02","modified_gmt":"2021-07-14T09:02:02","slug":"en4072020-guantes-equipos-proteccion-manos-riesgos-termicos-calor-fuego","status":"publish","type":"post","link":"https:\/\/shop.iturri.com\/blog\/guantes\/en4072020-guantes-equipos-proteccion-manos-riesgos-termicos-calor-fuego\/","title":{"rendered":"Guantes t\u00e9rmicos contra riesgos t\u00e9rmicos EN407:2020"},"content":{"rendered":"\n<p>La inclusi\u00f3n en el Reglamento comunitario de equipos de protecci\u00f3n<br><a href=\"https:\/\/www.linkedin.com\/feed\/hashtag\/?keywords=epi&amp;highlightedUpdateUrns=urn%3Ali%3Aactivity%3A6765962030957551616\">#EPI<\/a>&nbsp;2016\/425 de art\u00edculos de&nbsp;<a href=\"https:\/\/www.linkedin.com\/feed\/hashtag\/?keywords=protecci%C3%B3n&amp;highlightedUpdateUrns=urn%3Ali%3Aactivity%3A6765962030957551616\">#protecci\u00f3n<\/a>&nbsp;t\u00e9rmica de uso particular (guantes t\u00e9rmicos de cocina, manguitos, etc.) ha motivado la revisi\u00f3n de la norma  con respecto a la EN407:2004.<\/p>\n\n\n\n<p>\u00bfQuieres saber cu\u00e1les son esos cambios?<\/p>\n\n\n\n<p>Por su inter\u00e9s compartimos en nuestro blog un v\u00eddeo realizado por&nbsp;<a href=\"https:\/\/www.linkedin.com\/feed\/hashtag\/?keywords=mapa&amp;highlightedUpdateUrns=urn%3Ali%3Aactivity%3A6765962030957551616\">#MAPA<\/a>&nbsp;con una comparativa de ambas normas referente a los guantes t\u00e9rmicos de protecci\u00f3n frente a riesgos t\u00e9rmicos.<\/p>\n\n\n\n<p>Adem\u00e1s, te dejamos un enlace hacia nuestra <a href=\"https:\/\/shop.iturri.com\/803-guantes-termicos\">variedad existente de guantes t\u00e9rmicos.<\/a> \u00a1No te defraudar\u00e1n! <\/p>\n\n\n<p><iframe loading=\"lazy\" title=\"Mapa Professional le informa sobre los cambios EN 407: 2020\" width=\"1150\" height=\"863\" src=\"https:\/\/www.youtube.com\/embed\/kVkWWI1YmWc?feature=oembed\" frameborder=\"0\" allow=\"accelerometer; autoplay; clipboard-write; encrypted-media; gyroscope; picture-in-picture\" allowfullscreen><\/iframe><\/p>","protected":false},"excerpt":{"rendered":"<p>La inclusi\u00f3n en el Reglamento comunitario de equipos de protecci\u00f3n#EPI&nbsp;2016\/425 de art\u00edculos de&nbsp;#protecci\u00f3n&nbsp;t\u00e9rmica de uso particular (guantes t\u00e9rmicos de cocina, manguitos, etc.) ha motivado la revisi\u00f3n de la norma con respecto a la EN407:2004. \u00bfQuieres saber cu\u00e1les son esos cambios? Por su inter\u00e9s compartimos en nuestro blog un v\u00eddeo realizado por&nbsp;#MAPA&nbsp;con una comparativa de ambas [&hellip;]<\/p>\n","protected":false},"author":8,"featured_media":693,"comment_status":"open","ping_status":"open","sticky":false,"template":"","format":"standard","meta":{"footnotes":""},"categories":[22,57],"tags":[110,14,41,111],"class_list":["post-554","post","type-post","status-publish","format-standard","has-post-thumbnail","hentry","category-epi","category-guantes","tag-en407","tag-epi","tag-guantes","tag-mapa"],"yoast_head":"<!-- This site is optimized with the Yoast SEO plugin v27.3 - https:\/\/yoast.com\/product\/yoast-seo-wordpress\/ -->\n<title>Guantes t\u00e9rmicos contra riesgos t\u00e9rmicos EN407:2020 - @ITURRI blog<\/title>\n<meta name=\"description\" content=\"La inclusi\u00f3n en el Reglamento comunitario de guantes t\u00e9rmicos de protecci\u00f3n EPI 2016\/425 de art\u00edculos de uso particular ha motivado la revisi\u00f3n de la norma.\" \/>\n<meta name=\"robots\" content=\"index, follow, max-snippet:-1, max-image-preview:large, max-video-preview:-1\" \/>\n<link rel=\"canonical\" href=\"https:\/\/shop.iturri.com\/blog\/guantes\/en4072020-guantes-equipos-proteccion-manos-riesgos-termicos-calor-fuego\/\" \/>\n<meta property=\"og:locale\" content=\"es_ES\" \/>\n<meta property=\"og:type\" content=\"article\" \/>\n<meta property=\"og:title\" content=\"Guantes t\u00e9rmicos contra riesgos t\u00e9rmicos EN407:2020 - @ITURRI blog\" \/>\n<meta property=\"og:description\" content=\"La inclusi\u00f3n en el Reglamento comunitario de guantes t\u00e9rmicos de protecci\u00f3n EPI 2016\/425 de art\u00edculos de uso particular ha motivado la revisi\u00f3n de la norma.\" \/>\n<meta property=\"og:url\" content=\"https:\/\/shop.iturri.com\/blog\/guantes\/en4072020-guantes-equipos-proteccion-manos-riesgos-termicos-calor-fuego\/\" \/>\n<meta property=\"og:site_name\" content=\"@ITURRI blog\" \/>\n<meta property=\"article:published_time\" content=\"2020-11-20T08:37:57+00:00\" \/>\n<meta property=\"article:modified_time\" content=\"2021-07-14T09:02:02+00:00\" \/>\n<meta property=\"og:image\" content=\"https:\/\/shop.iturri.com\/blog\/wp-content\/uploads\/2020\/11\/ITURRI_Guantes_Proteccion_Riesgo_Termico.jpg\" \/>\n\t<meta property=\"og:image:width\" content=\"1000\" \/>\n\t<meta property=\"og:image:height\" content=\"667\" \/>\n\t<meta property=\"og:image:type\" content=\"image\/jpeg\" \/>\n<meta name=\"author\" content=\"Tarun Manwani Dharamdas\" \/>\n<meta name=\"twitter:card\" content=\"summary_large_image\" \/>\n<meta name=\"twitter:label1\" content=\"Escrito por\" \/>\n\t<meta name=\"twitter:data1\" content=\"Tarun Manwani Dharamdas\" \/>\n\t<meta name=\"twitter:label2\" content=\"Tiempo de lectura\" \/>\n\t<meta name=\"twitter:data2\" content=\"1 minuto\" \/>\n<script type=\"application\/ld+json\" class=\"yoast-schema-graph\">{\"@context\":\"https:\\\/\\\/schema.org\",\"@graph\":[{\"@type\":\"Article\",\"@id\":\"https:\\\/\\\/shop.iturri.com\\\/blog\\\/guantes\\\/en4072020-guantes-equipos-proteccion-manos-riesgos-termicos-calor-fuego\\\/#article\",\"isPartOf\":{\"@id\":\"https:\\\/\\\/shop.iturri.com\\\/blog\\\/guantes\\\/en4072020-guantes-equipos-proteccion-manos-riesgos-termicos-calor-fuego\\\/\"},\"author\":{\"name\":\"Tarun Manwani Dharamdas\",\"@id\":\"https:\\\/\\\/shop.iturri.com\\\/blog\\\/#\\\/schema\\\/person\\\/686a88e1aaa605f95de64955c2f9d444\"},\"headline\":\"Guantes t\u00e9rmicos contra riesgos t\u00e9rmicos EN407:2020\",\"datePublished\":\"2020-11-20T08:37:57+00:00\",\"dateModified\":\"2021-07-14T09:02:02+00:00\",\"mainEntityOfPage\":{\"@id\":\"https:\\\/\\\/shop.iturri.com\\\/blog\\\/guantes\\\/en4072020-guantes-equipos-proteccion-manos-riesgos-termicos-calor-fuego\\\/\"},\"wordCount\":121,\"commentCount\":0,\"image\":{\"@id\":\"https:\\\/\\\/shop.iturri.com\\\/blog\\\/guantes\\\/en4072020-guantes-equipos-proteccion-manos-riesgos-termicos-calor-fuego\\\/#primaryimage\"},\"thumbnailUrl\":\"https:\\\/\\\/shop.iturri.com\\\/blog\\\/wp-content\\\/uploads\\\/2020\\\/11\\\/ITURRI_Guantes_Proteccion_Riesgo_Termico.jpg\",\"keywords\":[\"EN407\",\"EPI\",\"guantes\",\"MAPA\"],\"articleSection\":[\"EPI\",\"Guantes\"],\"inLanguage\":\"es\",\"potentialAction\":[{\"@type\":\"CommentAction\",\"name\":\"Comment\",\"target\":[\"https:\\\/\\\/shop.iturri.com\\\/blog\\\/guantes\\\/en4072020-guantes-equipos-proteccion-manos-riesgos-termicos-calor-fuego\\\/#respond\"]}]},{\"@type\":\"WebPage\",\"@id\":\"https:\\\/\\\/shop.iturri.com\\\/blog\\\/guantes\\\/en4072020-guantes-equipos-proteccion-manos-riesgos-termicos-calor-fuego\\\/\",\"url\":\"https:\\\/\\\/shop.iturri.com\\\/blog\\\/guantes\\\/en4072020-guantes-equipos-proteccion-manos-riesgos-termicos-calor-fuego\\\/\",\"name\":\"Guantes t\u00e9rmicos contra riesgos t\u00e9rmicos EN407:2020 - @ITURRI blog\",\"isPartOf\":{\"@id\":\"https:\\\/\\\/shop.iturri.com\\\/blog\\\/#website\"},\"primaryImageOfPage\":{\"@id\":\"https:\\\/\\\/shop.iturri.com\\\/blog\\\/guantes\\\/en4072020-guantes-equipos-proteccion-manos-riesgos-termicos-calor-fuego\\\/#primaryimage\"},\"image\":{\"@id\":\"https:\\\/\\\/shop.iturri.com\\\/blog\\\/guantes\\\/en4072020-guantes-equipos-proteccion-manos-riesgos-termicos-calor-fuego\\\/#primaryimage\"},\"thumbnailUrl\":\"https:\\\/\\\/shop.iturri.com\\\/blog\\\/wp-content\\\/uploads\\\/2020\\\/11\\\/ITURRI_Guantes_Proteccion_Riesgo_Termico.jpg\",\"datePublished\":\"2020-11-20T08:37:57+00:00\",\"dateModified\":\"2021-07-14T09:02:02+00:00\",\"author\":{\"@id\":\"https:\\\/\\\/shop.iturri.com\\\/blog\\\/#\\\/schema\\\/person\\\/686a88e1aaa605f95de64955c2f9d444\"},\"description\":\"La inclusi\u00f3n en el Reglamento comunitario de guantes t\u00e9rmicos de protecci\u00f3n EPI 2016\\\/425 de art\u00edculos de uso particular ha motivado la revisi\u00f3n de la norma.\",\"breadcrumb\":{\"@id\":\"https:\\\/\\\/shop.iturri.com\\\/blog\\\/guantes\\\/en4072020-guantes-equipos-proteccion-manos-riesgos-termicos-calor-fuego\\\/#breadcrumb\"},\"inLanguage\":\"es\",\"potentialAction\":[{\"@type\":\"ReadAction\",\"target\":[\"https:\\\/\\\/shop.iturri.com\\\/blog\\\/guantes\\\/en4072020-guantes-equipos-proteccion-manos-riesgos-termicos-calor-fuego\\\/\"]}]},{\"@type\":\"ImageObject\",\"inLanguage\":\"es\",\"@id\":\"https:\\\/\\\/shop.iturri.com\\\/blog\\\/guantes\\\/en4072020-guantes-equipos-proteccion-manos-riesgos-termicos-calor-fuego\\\/#primaryimage\",\"url\":\"https:\\\/\\\/shop.iturri.com\\\/blog\\\/wp-content\\\/uploads\\\/2020\\\/11\\\/ITURRI_Guantes_Proteccion_Riesgo_Termico.jpg\",\"contentUrl\":\"https:\\\/\\\/shop.iturri.com\\\/blog\\\/wp-content\\\/uploads\\\/2020\\\/11\\\/ITURRI_Guantes_Proteccion_Riesgo_Termico.jpg\",\"width\":1000,\"height\":667,\"caption\":\"ITURRI guantes de protecci\u00f3n riesgo t\u00e9rmico\"},{\"@type\":\"BreadcrumbList\",\"@id\":\"https:\\\/\\\/shop.iturri.com\\\/blog\\\/guantes\\\/en4072020-guantes-equipos-proteccion-manos-riesgos-termicos-calor-fuego\\\/#breadcrumb\",\"itemListElement\":[{\"@type\":\"ListItem\",\"position\":1,\"name\":\"Portada\",\"item\":\"https:\\\/\\\/shop.iturri.com\\\/blog\\\/\"},{\"@type\":\"ListItem\",\"position\":2,\"name\":\"Guantes t\u00e9rmicos contra riesgos t\u00e9rmicos EN407:2020\"}]},{\"@type\":\"WebSite\",\"@id\":\"https:\\\/\\\/shop.iturri.com\\\/blog\\\/#website\",\"url\":\"https:\\\/\\\/shop.iturri.com\\\/blog\\\/\",\"name\":\"@ITURRI blog\",\"description\":\"Blog dedicado a poner en valor los 70 a\u00f1os de experiencia en la protecci\u00f3n de las personas\",\"potentialAction\":[{\"@type\":\"SearchAction\",\"target\":{\"@type\":\"EntryPoint\",\"urlTemplate\":\"https:\\\/\\\/shop.iturri.com\\\/blog\\\/?s={search_term_string}\"},\"query-input\":{\"@type\":\"PropertyValueSpecification\",\"valueRequired\":true,\"valueName\":\"search_term_string\"}}],\"inLanguage\":\"es\"},{\"@type\":\"Person\",\"@id\":\"https:\\\/\\\/shop.iturri.com\\\/blog\\\/#\\\/schema\\\/person\\\/686a88e1aaa605f95de64955c2f9d444\",\"name\":\"Tarun Manwani Dharamdas\",\"image\":{\"@type\":\"ImageObject\",\"inLanguage\":\"es\",\"@id\":\"https:\\\/\\\/secure.gravatar.com\\\/avatar\\\/f5e860b557b18bec3247d094e242002172d430b513764c4160fa8ea4b8611945?s=96&d=mm&r=g\",\"url\":\"https:\\\/\\\/secure.gravatar.com\\\/avatar\\\/f5e860b557b18bec3247d094e242002172d430b513764c4160fa8ea4b8611945?s=96&d=mm&r=g\",\"contentUrl\":\"https:\\\/\\\/secure.gravatar.com\\\/avatar\\\/f5e860b557b18bec3247d094e242002172d430b513764c4160fa8ea4b8611945?s=96&d=mm&r=g\",\"caption\":\"Tarun Manwani Dharamdas\"},\"sameAs\":[\"https:\\\/\\\/shop.iturri.com\"],\"url\":\"https:\\\/\\\/shop.iturri.com\\\/blog\\\/author\\\/tarun-manwani\\\/\"}]}<\/script>\n<!-- \/ Yoast SEO plugin. -->","yoast_head_json":{"title":"Guantes t\u00e9rmicos contra riesgos t\u00e9rmicos EN407:2020 - @ITURRI blog","description":"La inclusi\u00f3n en el Reglamento comunitario de guantes t\u00e9rmicos de protecci\u00f3n EPI 2016\/425 de art\u00edculos de uso particular ha motivado la revisi\u00f3n de la norma.","robots":{"index":"index","follow":"follow","max-snippet":"max-snippet:-1","max-image-preview":"max-image-preview:large","max-video-preview":"max-video-preview:-1"},"canonical":"https:\/\/shop.iturri.com\/blog\/guantes\/en4072020-guantes-equipos-proteccion-manos-riesgos-termicos-calor-fuego\/","og_locale":"es_ES","og_type":"article","og_title":"Guantes t\u00e9rmicos contra riesgos t\u00e9rmicos EN407:2020 - @ITURRI blog","og_description":"La inclusi\u00f3n en el Reglamento comunitario de guantes t\u00e9rmicos de protecci\u00f3n EPI 2016\/425 de art\u00edculos de uso particular ha motivado la revisi\u00f3n de la norma.","og_url":"https:\/\/shop.iturri.com\/blog\/guantes\/en4072020-guantes-equipos-proteccion-manos-riesgos-termicos-calor-fuego\/","og_site_name":"@ITURRI blog","article_published_time":"2020-11-20T08:37:57+00:00","article_modified_time":"2021-07-14T09:02:02+00:00","og_image":[{"width":1000,"height":667,"url":"https:\/\/shop.iturri.com\/blog\/wp-content\/uploads\/2020\/11\/ITURRI_Guantes_Proteccion_Riesgo_Termico.jpg","type":"image\/jpeg"}],"author":"Tarun Manwani Dharamdas","twitter_card":"summary_large_image","twitter_misc":{"Escrito por":"Tarun Manwani Dharamdas","Tiempo de lectura":"1 minuto"},"schema":{"@context":"https:\/\/schema.org","@graph":[{"@type":"Article","@id":"https:\/\/shop.iturri.com\/blog\/guantes\/en4072020-guantes-equipos-proteccion-manos-riesgos-termicos-calor-fuego\/#article","isPartOf":{"@id":"https:\/\/shop.iturri.com\/blog\/guantes\/en4072020-guantes-equipos-proteccion-manos-riesgos-termicos-calor-fuego\/"},"author":{"name":"Tarun Manwani Dharamdas","@id":"https:\/\/shop.iturri.com\/blog\/#\/schema\/person\/686a88e1aaa605f95de64955c2f9d444"},"headline":"Guantes t\u00e9rmicos contra riesgos t\u00e9rmicos EN407:2020","datePublished":"2020-11-20T08:37:57+00:00","dateModified":"2021-07-14T09:02:02+00:00","mainEntityOfPage":{"@id":"https:\/\/shop.iturri.com\/blog\/guantes\/en4072020-guantes-equipos-proteccion-manos-riesgos-termicos-calor-fuego\/"},"wordCount":121,"commentCount":0,"image":{"@id":"https:\/\/shop.iturri.com\/blog\/guantes\/en4072020-guantes-equipos-proteccion-manos-riesgos-termicos-calor-fuego\/#primaryimage"},"thumbnailUrl":"https:\/\/shop.iturri.com\/blog\/wp-content\/uploads\/2020\/11\/ITURRI_Guantes_Proteccion_Riesgo_Termico.jpg","keywords":["EN407","EPI","guantes","MAPA"],"articleSection":["EPI","Guantes"],"inLanguage":"es","potentialAction":[{"@type":"CommentAction","name":"Comment","target":["https:\/\/shop.iturri.com\/blog\/guantes\/en4072020-guantes-equipos-proteccion-manos-riesgos-termicos-calor-fuego\/#respond"]}]},{"@type":"WebPage","@id":"https:\/\/shop.iturri.com\/blog\/guantes\/en4072020-guantes-equipos-proteccion-manos-riesgos-termicos-calor-fuego\/","url":"https:\/\/shop.iturri.com\/blog\/guantes\/en4072020-guantes-equipos-proteccion-manos-riesgos-termicos-calor-fuego\/","name":"Guantes t\u00e9rmicos contra riesgos t\u00e9rmicos EN407:2020 - @ITURRI blog","isPartOf":{"@id":"https:\/\/shop.iturri.com\/blog\/#website"},"primaryImageOfPage":{"@id":"https:\/\/shop.iturri.com\/blog\/guantes\/en4072020-guantes-equipos-proteccion-manos-riesgos-termicos-calor-fuego\/#primaryimage"},"image":{"@id":"https:\/\/shop.iturri.com\/blog\/guantes\/en4072020-guantes-equipos-proteccion-manos-riesgos-termicos-calor-fuego\/#primaryimage"},"thumbnailUrl":"https:\/\/shop.iturri.com\/blog\/wp-content\/uploads\/2020\/11\/ITURRI_Guantes_Proteccion_Riesgo_Termico.jpg","datePublished":"2020-11-20T08:37:57+00:00","dateModified":"2021-07-14T09:02:02+00:00","author":{"@id":"https:\/\/shop.iturri.com\/blog\/#\/schema\/person\/686a88e1aaa605f95de64955c2f9d444"},"description":"La inclusi\u00f3n en el Reglamento comunitario de guantes t\u00e9rmicos de protecci\u00f3n EPI 2016\/425 de art\u00edculos de uso particular ha motivado la revisi\u00f3n de la norma.","breadcrumb":{"@id":"https:\/\/shop.iturri.com\/blog\/guantes\/en4072020-guantes-equipos-proteccion-manos-riesgos-termicos-calor-fuego\/#breadcrumb"},"inLanguage":"es","potentialAction":[{"@type":"ReadAction","target":["https:\/\/shop.iturri.com\/blog\/guantes\/en4072020-guantes-equipos-proteccion-manos-riesgos-termicos-calor-fuego\/"]}]},{"@type":"ImageObject","inLanguage":"es","@id":"https:\/\/shop.iturri.com\/blog\/guantes\/en4072020-guantes-equipos-proteccion-manos-riesgos-termicos-calor-fuego\/#primaryimage","url":"https:\/\/shop.iturri.com\/blog\/wp-content\/uploads\/2020\/11\/ITURRI_Guantes_Proteccion_Riesgo_Termico.jpg","contentUrl":"https:\/\/shop.iturri.com\/blog\/wp-content\/uploads\/2020\/11\/ITURRI_Guantes_Proteccion_Riesgo_Termico.jpg","width":1000,"height":667,"caption":"ITURRI guantes de protecci\u00f3n riesgo t\u00e9rmico"},{"@type":"BreadcrumbList","@id":"https:\/\/shop.iturri.com\/blog\/guantes\/en4072020-guantes-equipos-proteccion-manos-riesgos-termicos-calor-fuego\/#breadcrumb","itemListElement":[{"@type":"ListItem","position":1,"name":"Portada","item":"https:\/\/shop.iturri.com\/blog\/"},{"@type":"ListItem","position":2,"name":"Guantes t\u00e9rmicos contra riesgos t\u00e9rmicos EN407:2020"}]},{"@type":"WebSite","@id":"https:\/\/shop.iturri.com\/blog\/#website","url":"https:\/\/shop.iturri.com\/blog\/","name":"@ITURRI blog","description":"Blog dedicado a poner en valor los 70 a\u00f1os de experiencia en la protecci\u00f3n de las personas","potentialAction":[{"@type":"SearchAction","target":{"@type":"EntryPoint","urlTemplate":"https:\/\/shop.iturri.com\/blog\/?s={search_term_string}"},"query-input":{"@type":"PropertyValueSpecification","valueRequired":true,"valueName":"search_term_string"}}],"inLanguage":"es"},{"@type":"Person","@id":"https:\/\/shop.iturri.com\/blog\/#\/schema\/person\/686a88e1aaa605f95de64955c2f9d444","name":"Tarun Manwani Dharamdas","image":{"@type":"ImageObject","inLanguage":"es","@id":"https:\/\/secure.gravatar.com\/avatar\/f5e860b557b18bec3247d094e242002172d430b513764c4160fa8ea4b8611945?s=96&d=mm&r=g","url":"https:\/\/secure.gravatar.com\/avatar\/f5e860b557b18bec3247d094e242002172d430b513764c4160fa8ea4b8611945?s=96&d=mm&r=g","contentUrl":"https:\/\/secure.gravatar.com\/avatar\/f5e860b557b18bec3247d094e242002172d430b513764c4160fa8ea4b8611945?s=96&d=mm&r=g","caption":"Tarun Manwani Dharamdas"},"sameAs":["https:\/\/shop.iturri.com"],"url":"https:\/\/shop.iturri.com\/blog\/author\/tarun-manwani\/"}]}},"_links":{"self":[{"href":"https:\/\/shop.iturri.com\/blog\/wp-json\/wp\/v2\/posts\/554","targetHints":{"allow":["GET"]}}],"collection":[{"href":"https:\/\/shop.iturri.com\/blog\/wp-json\/wp\/v2\/posts"}],"about":[{"href":"https:\/\/shop.iturri.com\/blog\/wp-json\/wp\/v2\/types\/post"}],"author":[{"embeddable":true,"href":"https:\/\/shop.iturri.com\/blog\/wp-json\/wp\/v2\/users\/8"}],"replies":[{"embeddable":true,"href":"https:\/\/shop.iturri.com\/blog\/wp-json\/wp\/v2\/comments?post=554"}],"version-history":[{"count":5,"href":"https:\/\/shop.iturri.com\/blog\/wp-json\/wp\/v2\/posts\/554\/revisions"}],"predecessor-version":[{"id":1191,"href":"https:\/\/shop.iturri.com\/blog\/wp-json\/wp\/v2\/posts\/554\/revisions\/1191"}],"wp:featuredmedia":[{"embeddable":true,"href":"https:\/\/shop.iturri.com\/blog\/wp-json\/wp\/v2\/media\/693"}],"wp:attachment":[{"href":"https:\/\/shop.iturri.com\/blog\/wp-json\/wp\/v2\/media?parent=554"}],"wp:term":[{"taxonomy":"category","embeddable":true,"href":"https:\/\/shop.iturri.com\/blog\/wp-json\/wp\/v2\/categories?post=554"},{"taxonomy":"post_tag","embeddable":true,"href":"https:\/\/shop.iturri.com\/blog\/wp-json\/wp\/v2\/tags?post=554"}],"curies":[{"name":"wp","href":"https:\/\/api.w.org\/{rel}","templated":true}]}}