{"id":8649,"date":"2023-02-21T07:50:00","date_gmt":"2023-02-21T06:50:00","guid":{"rendered":"https:\/\/shop.iturri.com\/blog\/?p=8649"},"modified":"2023-03-16T17:07:11","modified_gmt":"2023-03-16T16:07:11","slug":"protege-a-tus-trabajadores-del-frio","status":"publish","type":"post","link":"https:\/\/shop.iturri.com\/blog\/vestuario-laboral\/protege-a-tus-trabajadores-del-frio\/","title":{"rendered":"Protege a tus trabajadores del fr\u00edo"},"content":{"rendered":"\n<p>En invierno, las bajas temperaturas pueden ser un gran desaf\u00edo para las personas que trabajan al aire libre o en espacios fr\u00edos. Es importante mantenerse caliente y c\u00f3modo para poder desempe\u00f1ar las tareas eficientemente y de manera segura y, por ello, la elecci\u00f3n de un vestuario laboral adecuado es fundamental para protegerse del fr\u00edo y evitar enfermedades relacionadas con la exposici\u00f3n a bajas temperaturas. En este post os proporcionaremos consejos \u00fatiles sobre qu\u00e9 prendas de vestir elegir para mantener el confort t\u00e9rmico en el trabajo durante los meses de invierno.<\/p>\n\n\n\n<h2 class=\"wp-block-heading\">Tipo de ropa para el fr\u00edo<\/h2>\n\n\n\n<p>A la hora de vestirnos en ambientes fr\u00edos debemos ser capaces de elegir un tipo de ropa que nos proteja de la manera m\u00e1s adecuada posible contra el fr\u00edo, contra el viento y contra la humedad. Muchos estamos indecisos a la hora de elegir el vestuario m\u00e1s adecuado para el fr\u00edo pero lo cierto es que existen varias alternativas para mantener abrigado nuestro cuerpo y hacer m\u00e1s f\u00e1cil que nos sintamos c\u00f3modos en climas y\/o situaciones fr\u00edas:<\/p>\n\n\n\n<ol class=\"wp-block-list\" type=\"1\">\n<li>Capas: en condiciones de fr\u00edo extremo lo m\u00e1s adecuado y efectivo es vestirse con capas, de forma que se pueda ajustar la ropa en funci\u00f3n de la temperatura a la que nos encontremos. En primer lugar, una capa de <a href=\"https:\/\/shop.iturri.com\/blog\/iturri\/ropa-interior-termica-para-trabajar\/\" target=\"_blank\" rel=\"noreferrer noopener\">ropa interior para el fr\u00edo<\/a> permitir\u00e1 a nuestro cuerpo mantener una temperatura agradable. En segundo lugar, se recomienda a\u00f1adir las capas de ropa que sean necesarias para \u201cdefenderse\u201d del fr\u00edo y estamos hablando de prendas por todos conocidas como camisetas de manga larga, sudaderas o forros polares.<\/li>\n\n\n\n<li>Parkas: esta prenda, que completar\u00eda el conjunto de ropa anterior, har\u00e1 que vayamos perfectamente protegidos en situaciones muy fr\u00edas ya que son una excelente opci\u00f3n para mantener una buena temperatura de nuestro cuerpo cuando hace fr\u00edo. Adem\u00e1s, la parka es una prenda ligera y f\u00e1cil de transportar.<\/li>\n\n\n\n<li><a href=\"https:\/\/shop.iturri.com\/315-calzado-frio\" target=\"_blank\" rel=\"noreferrer noopener\">Calzado<\/a>: mantener los pies calientes es muy importante en situaciones fr\u00edas y, por ello, debemos ponernos un calzado resistente al agua y al fr\u00edo. Adem\u00e1s, las botas y los zapatos deber\u00edan tener suela antideslizante para poder caminar sobre superficies resbaladizas y tambi\u00e9n ser\u00eda interesante que tuvieran una capa aislante que permitiese mantener los pies calientes y secos.<\/li>\n\n\n\n<li>Guantes y gorros: tambi\u00e9n es habitual que se pierda calor por las manos o por la cabeza y, por ese motivo es tan importante la utilizaci\u00f3n de gorro y guantes que cubran estas zonas. Es muy recomendable que ambos tipos de prenda sean de materiales como lana o acr\u00edlico, pues \u00e9stos son buenos aislantes del fr\u00edo y contribuir\u00e1n muy bien a esa sensaci\u00f3n de confort t\u00e9rmico.<\/li>\n<\/ol>\n\n\n\n<figure class=\"wp-block-image size-full\"><a href=\"https:\/\/shop.iturri.com\/guantes-frio\/1776-par-de-guantes-para-el-frio-tegera-7798-plazo-10-15-dias.html\" target=\"_blank\" rel=\"noreferrer noopener\"><img decoding=\"async\" src=\"https:\/\/shop.iturri.com\/blog\/wp-content\/uploads\/2023\/02\/FOTO-01-1.png\" alt=\"guantes para frio\" class=\"wp-image-8653\"\/><\/a><figcaption class=\"wp-element-caption\"><a href=\"https:\/\/shop.iturri.com\/guantes-frio\/1776-par-de-guantes-para-el-frio-tegera-7798-plazo-10-15-dias.html\" target=\"_blank\" rel=\"noreferrer noopener\">Comprar Par de guantes para el fr\u00edo TEGERA 7798<\/a><\/figcaption><\/figure>\n\n\n\n<p>As\u00ed, a la hora de vestirnos cuando nos vayamos a enfrentar al fr\u00edo, es importante que escojamos una ropa que ofrezca una buena protecci\u00f3n contra el viento, el fr\u00edo y la humedad. La ropa para el fr\u00edo tiene que ser resistente al agua y proporcionar un buen aislamiento y comodidad para que tengamos una total libertad de movimientos.<\/p>\n\n\n\n<h2 class=\"wp-block-heading\">D\u00f3nde comprar ropa para el fr\u00edo<\/h2>\n\n\n\n<p>Iturri destaca en la fabricaci\u00f3n y venta de equipos de protecci\u00f3n personal y vestuario laboral, incluyendo vestuario para el fr\u00edo. Nuestros clientes avalan la calidad de nuestros productos y nos enorgullece habernos ganado el reconocimiento y el respeto en el mercado de la ropa de trabajo y de la protecci\u00f3n en el \u00e1mbito internacional.<\/p>\n\n\n\n<p>Por lo tanto, si est\u00e1is buscando ropa para el fr\u00edo de alta calidad y protecci\u00f3n, podemos ofreceros multitud de alternativas. En <a href=\"https:\/\/shop.iturri.com\/\" target=\"_blank\" rel=\"noreferrer noopener\">shop.iturri.com<\/a> facilitamos una descripci\u00f3n detallada de los productos que exponemos y una <a href=\"https:\/\/shop.iturri.com\/content\/11-guia-de-tallas\" target=\"_blank\" rel=\"noreferrer noopener\">gu\u00eda de tallas<\/a> para que os pod\u00e1is asegurar que las prendas se ajustar\u00e1n correctamente, cumpliendo as\u00ed con vuestras necesidades de protecci\u00f3n. Por otra parte, recomendamos que verifiqu\u00e9is nuestra pol\u00edtica de <a href=\"https:\/\/shop.iturri.com\/content\/3-cambios-y-devoluciones\" target=\"_blank\" rel=\"noreferrer noopener\">cambios y devoluciones<\/a> y <a href=\"https:\/\/shop.iturri.com\/content\/5-garantia\" target=\"_blank\" rel=\"noreferrer noopener\">garant\u00edas<\/a> para que os asegur\u00e9is de que la compra que est\u00e1is realizando es segura y satisfactoria.<\/p>\n\n\n\n<figure class=\"wp-block-image size-full is-resized\"><a href=\"https:\/\/shop.iturri.com\/forro-polar-de-alta-visibilidad\/974-polar-softshell-alta-visibilidad-mujer-starlight-azul-marino-con-amarillo-fluor.html\" target=\"_blank\" rel=\"noreferrer noopener\"><img loading=\"lazy\" decoding=\"async\" src=\"https:\/\/shop.iturri.com\/blog\/wp-content\/uploads\/2023\/02\/FOTO-02.png\" alt=\"polar alta visibilidad mujer\" class=\"wp-image-8651\" width=\"800\" height=\"800\"\/><\/a><figcaption class=\"wp-element-caption\"><a href=\"https:\/\/shop.iturri.com\/forro-polar-de-alta-visibilidad\/974-polar-softshell-alta-visibilidad-mujer-starlight-azul-marino-con-amarillo-fluor.html\" target=\"_blank\" rel=\"noreferrer noopener\">Polar Softshell alta visibilidad MUJER KINGSMANN STARLIGHT, Azul Marino con Amarillo Fl\u00faor | ITURRI<\/a><\/figcaption><\/figure>\n\n\n\n<h2 class=\"wp-block-heading\">C\u00f3mo usar ropa para el fr\u00edo<\/h2>\n\n\n\n<p>El uso de ropa adecuada para protegerse contra el fr\u00edo es fundamental para mantenerse c\u00e1lido y c\u00f3modo durante las estaciones fr\u00edas o si realizamos nuestro trabajo en lugares con bajas temperaturas. A continuaci\u00f3n, os presentamos una serie de consejos que pod\u00e9is aplicar para un uso m\u00e1s efectivo de la ropa para el fr\u00edo:<\/p>\n\n\n\n<ol class=\"wp-block-list\" type=\"1\">\n<li>Varias capas: como hemos comentado al inicio de este art\u00edculo, es muy recomendable la utilizaci\u00f3n de varias capas de ropa. Lo m\u00e1s conveniente es comenzar con una capa ajustada al cuerpo que sea transpirable. A continuaci\u00f3n, una que nos a\u00edsle reteniendo el calor y, para acabar, una capa externa resistente al viento y al agua.<\/li>\n\n\n\n<li>Cubrir extremidades: tambi\u00e9n hemos hecho menci\u00f3n al principio que hay que asegurarse de tener bien cubiertas nuestras extremidades. Las manos, los pies, la cabeza o el cuello son partes muy vulnerables al fr\u00edo y el uso de guantes, calcetines, gorro, bufanda, as\u00ed como de unas buenas botas, es important\u00edsimo para proteger estas zonas.<\/li>\n\n\n\n<li>Uso de tejidos adecuados: se recomienda elegir ropa t\u00e9rmica fabricada con materiales espec\u00edficos para climas fr\u00edos como lana, plum\u00f3n, poli\u00e9ster, nylon u otros tejidos que contengan materiales como Gore-Tex<sup>\u00ae<\/sup> o Thinsulate\u2122 que ofrecen una gran protecci\u00f3n contra el fr\u00edo, contra la humedad y contra el viento.<\/li>\n\n\n\n<li>Ajustar la ropa correctamente: la ropa tiene que estar ajustada de una forma correcta con el objetivo de mantener el calor de nuestro cuerpo y evitar que entre aire fr\u00edo. Adem\u00e1s hay que asegurarse de no llevar la ropa muy apretada para tener una total libertad de movimientos.<\/li>\n\n\n\n<li>No sobrecargarse: con esto queremos decir que no es apropiado excederse en la cantidad de ropa que se utilice, pues ello puede provocar una sudoraci\u00f3n excesiva que provocar\u00e1 la posibilidad de enfriamiento. Por ello es m\u00e1s adecuado utilizar varias capas ligeras en lugar de una sola capa pesada.<\/li>\n\n\n\n<li>Permanecer seco: es muy importante que la ropa sea transpirable para evitar la acumulaci\u00f3n de sudor. Si nos mojamos por la lluvia, por la nieve o por cualquier motivo, ser\u00eda apropiado cambiarnos de ropa con el fin de evitar la hipotermia.<\/li>\n<\/ol>\n\n\n\n<figure class=\"wp-block-gallery has-nested-images columns-default is-cropped wp-block-gallery-1 is-layout-flex wp-block-gallery-is-layout-flex\">\n<figure class=\"wp-block-image size-large\"><a href=\"https:\/\/shop.iturri.com\/parkas-laborales\/547-parka-laboral-hombre-spotlight-con-guata.html\" target=\"_blank\" rel=\"noreferrer noopener\"><img decoding=\"async\" data-id=\"8652\" src=\"https:\/\/shop.iturri.com\/blog\/wp-content\/uploads\/2023\/02\/FOTO-03.png\" alt=\"parka laboral hombre\" class=\"wp-image-8652\"\/><\/a><\/figure>\n<\/figure>\n\n\n\n<p><a href=\"https:\/\/shop.iturri.com\/parkas-laborales\/547-parka-laboral-hombre-spotlight-con-guata.html\" target=\"_blank\" rel=\"noreferrer noopener\">Comprar Parka laboral HOMBRE COOLWORK SPOTLIGHT con guata<\/a><\/p>\n\n\n\n<p>Esperamos que nuestros consejos os sean de utilidad a la hora de elegir un vestuario adecuado para el fr\u00edo y para que pod\u00e1is mantener una buena temperatura y comodidad durante vuestro trabajo. Recordad visitar <a href=\"https:\/\/shop.iturri.com\/\" target=\"_blank\" rel=\"noreferrer noopener\">shop.iturri.com<\/a> para ver nuestro amplio cat\u00e1logo de vestuario y calzado de trabajo y contactar con nuestros especialistas en seguridad laboral en <a href=\"https:\/\/shop.iturri.com\/contacto\" target=\"_blank\" rel=\"noreferrer noopener\">Contacto | ITURRI<\/a> para recibir un buen asesoramiento.<\/p>\n","protected":false},"excerpt":{"rendered":"<p>En condiciones de bajas temperaturas, es importante estar bien preparado con un vestuario laboral adecuado para el fr\u00edo. Desde chaquetas y pantalones t\u00e9rmicos hasta guantes y gorros, asegurarse de tener la ropa adecuada puede marcar la diferencia entre un d\u00eda de trabajo c\u00f3modo y seguro, o uno lleno de incomodidades y riesgos para la salud.<\/p>\n","protected":false},"author":38,"featured_media":8705,"comment_status":"open","ping_status":"open","sticky":false,"template":"","format":"standard","meta":{"footnotes":""},"categories":[10,53,57,7,127],"tags":[],"class_list":["post-8649","post","type-post","status-publish","format-standard","has-post-thumbnail","hentry","category-calzadodeproteccion","category-consejos","category-guantes","category-iturri","category-vestuario-laboral"],"yoast_head":"<!-- This site is optimized with the Yoast SEO plugin v27.3 - https:\/\/yoast.com\/product\/yoast-seo-wordpress\/ -->\n<title>Protege a tus trabajadores del fr\u00edo @ITURRI blog<\/title>\n<meta name=\"description\" content=\"El uso de una adecuada ropa para el fr\u00edo es importante para la eficiencia en el trabajo y en este post os presentamos prendas para combatirlo\" \/>\n<meta name=\"robots\" content=\"index, follow, max-snippet:-1, max-image-preview:large, max-video-preview:-1\" \/>\n<link rel=\"canonical\" href=\"https:\/\/shop.iturri.com\/blog\/vestuario-laboral\/protege-a-tus-trabajadores-del-frio\/\" \/>\n<meta property=\"og:locale\" content=\"es_ES\" \/>\n<meta property=\"og:type\" content=\"article\" \/>\n<meta property=\"og:title\" content=\"Protege a tus trabajadores del fr\u00edo @ITURRI blog\" \/>\n<meta property=\"og:description\" content=\"El uso de una adecuada ropa para el fr\u00edo es importante para la eficiencia en el trabajo y en este post os presentamos prendas para combatirlo\" \/>\n<meta property=\"og:url\" content=\"https:\/\/shop.iturri.com\/blog\/vestuario-laboral\/protege-a-tus-trabajadores-del-frio\/\" \/>\n<meta property=\"og:site_name\" content=\"@ITURRI blog\" \/>\n<meta property=\"article:published_time\" content=\"2023-02-21T06:50:00+00:00\" \/>\n<meta property=\"article:modified_time\" content=\"2023-03-16T16:07:11+00:00\" \/>\n<meta property=\"og:image\" content=\"https:\/\/shop.iturri.com\/blog\/wp-content\/uploads\/2023\/02\/foto-cabecera-8.jpg\" \/>\n\t<meta property=\"og:image:width\" content=\"612\" \/>\n\t<meta property=\"og:image:height\" content=\"408\" \/>\n\t<meta property=\"og:image:type\" content=\"image\/jpeg\" \/>\n<meta name=\"author\" content=\"CARLOS MARTINEZ SEPULVEDA\" \/>\n<meta name=\"twitter:card\" content=\"summary_large_image\" \/>\n<meta name=\"twitter:label1\" content=\"Escrito por\" \/>\n\t<meta name=\"twitter:data1\" content=\"CARLOS MARTINEZ SEPULVEDA\" \/>\n\t<meta name=\"twitter:label2\" content=\"Tiempo de lectura\" \/>\n\t<meta name=\"twitter:data2\" content=\"6 minutos\" \/>\n<script type=\"application\/ld+json\" class=\"yoast-schema-graph\">{\"@context\":\"https:\\\/\\\/schema.org\",\"@graph\":[{\"@type\":\"Article\",\"@id\":\"https:\\\/\\\/shop.iturri.com\\\/blog\\\/vestuario-laboral\\\/protege-a-tus-trabajadores-del-frio\\\/#article\",\"isPartOf\":{\"@id\":\"https:\\\/\\\/shop.iturri.com\\\/blog\\\/vestuario-laboral\\\/protege-a-tus-trabajadores-del-frio\\\/\"},\"author\":{\"name\":\"CARLOS MARTINEZ SEPULVEDA\",\"@id\":\"https:\\\/\\\/shop.iturri.com\\\/blog\\\/#\\\/schema\\\/person\\\/bd5e47abb4bec03a513213e488df39f2\"},\"headline\":\"Protege a tus trabajadores del fr\u00edo\",\"datePublished\":\"2023-02-21T06:50:00+00:00\",\"dateModified\":\"2023-03-16T16:07:11+00:00\",\"mainEntityOfPage\":{\"@id\":\"https:\\\/\\\/shop.iturri.com\\\/blog\\\/vestuario-laboral\\\/protege-a-tus-trabajadores-del-frio\\\/\"},\"wordCount\":1186,\"commentCount\":0,\"image\":{\"@id\":\"https:\\\/\\\/shop.iturri.com\\\/blog\\\/vestuario-laboral\\\/protege-a-tus-trabajadores-del-frio\\\/#primaryimage\"},\"thumbnailUrl\":\"https:\\\/\\\/shop.iturri.com\\\/blog\\\/wp-content\\\/uploads\\\/2023\\\/02\\\/foto-cabecera-8.jpg\",\"articleSection\":[\"Calzado de Protecci\u00f3n\",\"Consejos\",\"Guantes\",\"Iturri\",\"Vestuario laboral\"],\"inLanguage\":\"es\",\"potentialAction\":[{\"@type\":\"CommentAction\",\"name\":\"Comment\",\"target\":[\"https:\\\/\\\/shop.iturri.com\\\/blog\\\/vestuario-laboral\\\/protege-a-tus-trabajadores-del-frio\\\/#respond\"]}]},{\"@type\":\"WebPage\",\"@id\":\"https:\\\/\\\/shop.iturri.com\\\/blog\\\/vestuario-laboral\\\/protege-a-tus-trabajadores-del-frio\\\/\",\"url\":\"https:\\\/\\\/shop.iturri.com\\\/blog\\\/vestuario-laboral\\\/protege-a-tus-trabajadores-del-frio\\\/\",\"name\":\"Protege a tus trabajadores del fr\u00edo @ITURRI blog\",\"isPartOf\":{\"@id\":\"https:\\\/\\\/shop.iturri.com\\\/blog\\\/#website\"},\"primaryImageOfPage\":{\"@id\":\"https:\\\/\\\/shop.iturri.com\\\/blog\\\/vestuario-laboral\\\/protege-a-tus-trabajadores-del-frio\\\/#primaryimage\"},\"image\":{\"@id\":\"https:\\\/\\\/shop.iturri.com\\\/blog\\\/vestuario-laboral\\\/protege-a-tus-trabajadores-del-frio\\\/#primaryimage\"},\"thumbnailUrl\":\"https:\\\/\\\/shop.iturri.com\\\/blog\\\/wp-content\\\/uploads\\\/2023\\\/02\\\/foto-cabecera-8.jpg\",\"datePublished\":\"2023-02-21T06:50:00+00:00\",\"dateModified\":\"2023-03-16T16:07:11+00:00\",\"author\":{\"@id\":\"https:\\\/\\\/shop.iturri.com\\\/blog\\\/#\\\/schema\\\/person\\\/bd5e47abb4bec03a513213e488df39f2\"},\"description\":\"El uso de una adecuada ropa para el fr\u00edo es importante para la eficiencia en el trabajo y en este post os presentamos prendas para combatirlo\",\"breadcrumb\":{\"@id\":\"https:\\\/\\\/shop.iturri.com\\\/blog\\\/vestuario-laboral\\\/protege-a-tus-trabajadores-del-frio\\\/#breadcrumb\"},\"inLanguage\":\"es\",\"potentialAction\":[{\"@type\":\"ReadAction\",\"target\":[\"https:\\\/\\\/shop.iturri.com\\\/blog\\\/vestuario-laboral\\\/protege-a-tus-trabajadores-del-frio\\\/\"]}]},{\"@type\":\"ImageObject\",\"inLanguage\":\"es\",\"@id\":\"https:\\\/\\\/shop.iturri.com\\\/blog\\\/vestuario-laboral\\\/protege-a-tus-trabajadores-del-frio\\\/#primaryimage\",\"url\":\"https:\\\/\\\/shop.iturri.com\\\/blog\\\/wp-content\\\/uploads\\\/2023\\\/02\\\/foto-cabecera-8.jpg\",\"contentUrl\":\"https:\\\/\\\/shop.iturri.com\\\/blog\\\/wp-content\\\/uploads\\\/2023\\\/02\\\/foto-cabecera-8.jpg\",\"width\":612,\"height\":408,\"caption\":\"Aprended a vestiros correctamente en condiciones de bajas temperaturas o de lluvia con nuestros consejos y un vestuario laboral adecuado\"},{\"@type\":\"BreadcrumbList\",\"@id\":\"https:\\\/\\\/shop.iturri.com\\\/blog\\\/vestuario-laboral\\\/protege-a-tus-trabajadores-del-frio\\\/#breadcrumb\",\"itemListElement\":[{\"@type\":\"ListItem\",\"position\":1,\"name\":\"Portada\",\"item\":\"https:\\\/\\\/shop.iturri.com\\\/blog\\\/\"},{\"@type\":\"ListItem\",\"position\":2,\"name\":\"Protege a tus trabajadores del fr\u00edo\"}]},{\"@type\":\"WebSite\",\"@id\":\"https:\\\/\\\/shop.iturri.com\\\/blog\\\/#website\",\"url\":\"https:\\\/\\\/shop.iturri.com\\\/blog\\\/\",\"name\":\"@ITURRI blog\",\"description\":\"Blog dedicado a poner en valor los 70 a\u00f1os de experiencia en la protecci\u00f3n de las personas\",\"potentialAction\":[{\"@type\":\"SearchAction\",\"target\":{\"@type\":\"EntryPoint\",\"urlTemplate\":\"https:\\\/\\\/shop.iturri.com\\\/blog\\\/?s={search_term_string}\"},\"query-input\":{\"@type\":\"PropertyValueSpecification\",\"valueRequired\":true,\"valueName\":\"search_term_string\"}}],\"inLanguage\":\"es\"},{\"@type\":\"Person\",\"@id\":\"https:\\\/\\\/shop.iturri.com\\\/blog\\\/#\\\/schema\\\/person\\\/bd5e47abb4bec03a513213e488df39f2\",\"name\":\"CARLOS MARTINEZ SEPULVEDA\",\"image\":{\"@type\":\"ImageObject\",\"inLanguage\":\"es\",\"@id\":\"https:\\\/\\\/secure.gravatar.com\\\/avatar\\\/a5c16278e62ddf07969a5503842268483a765a7d0f74f0ccff516afefd0b4dff?s=96&d=mm&r=g\",\"url\":\"https:\\\/\\\/secure.gravatar.com\\\/avatar\\\/a5c16278e62ddf07969a5503842268483a765a7d0f74f0ccff516afefd0b4dff?s=96&d=mm&r=g\",\"contentUrl\":\"https:\\\/\\\/secure.gravatar.com\\\/avatar\\\/a5c16278e62ddf07969a5503842268483a765a7d0f74f0ccff516afefd0b4dff?s=96&d=mm&r=g\",\"caption\":\"CARLOS MARTINEZ SEPULVEDA\"},\"url\":\"https:\\\/\\\/shop.iturri.com\\\/blog\\\/author\\\/carlos-martinez-sepulveda\\\/\"}]}<\/script>\n<!-- \/ Yoast SEO plugin. -->","yoast_head_json":{"title":"Protege a tus trabajadores del fr\u00edo @ITURRI blog","description":"El uso de una adecuada ropa para el fr\u00edo es importante para la eficiencia en el trabajo y en este post os presentamos prendas para combatirlo","robots":{"index":"index","follow":"follow","max-snippet":"max-snippet:-1","max-image-preview":"max-image-preview:large","max-video-preview":"max-video-preview:-1"},"canonical":"https:\/\/shop.iturri.com\/blog\/vestuario-laboral\/protege-a-tus-trabajadores-del-frio\/","og_locale":"es_ES","og_type":"article","og_title":"Protege a tus trabajadores del fr\u00edo @ITURRI blog","og_description":"El uso de una adecuada ropa para el fr\u00edo es importante para la eficiencia en el trabajo y en este post os presentamos prendas para combatirlo","og_url":"https:\/\/shop.iturri.com\/blog\/vestuario-laboral\/protege-a-tus-trabajadores-del-frio\/","og_site_name":"@ITURRI blog","article_published_time":"2023-02-21T06:50:00+00:00","article_modified_time":"2023-03-16T16:07:11+00:00","og_image":[{"width":612,"height":408,"url":"https:\/\/shop.iturri.com\/blog\/wp-content\/uploads\/2023\/02\/foto-cabecera-8.jpg","type":"image\/jpeg"}],"author":"CARLOS MARTINEZ SEPULVEDA","twitter_card":"summary_large_image","twitter_misc":{"Escrito por":"CARLOS MARTINEZ SEPULVEDA","Tiempo de lectura":"6 minutos"},"schema":{"@context":"https:\/\/schema.org","@graph":[{"@type":"Article","@id":"https:\/\/shop.iturri.com\/blog\/vestuario-laboral\/protege-a-tus-trabajadores-del-frio\/#article","isPartOf":{"@id":"https:\/\/shop.iturri.com\/blog\/vestuario-laboral\/protege-a-tus-trabajadores-del-frio\/"},"author":{"name":"CARLOS MARTINEZ SEPULVEDA","@id":"https:\/\/shop.iturri.com\/blog\/#\/schema\/person\/bd5e47abb4bec03a513213e488df39f2"},"headline":"Protege a tus trabajadores del fr\u00edo","datePublished":"2023-02-21T06:50:00+00:00","dateModified":"2023-03-16T16:07:11+00:00","mainEntityOfPage":{"@id":"https:\/\/shop.iturri.com\/blog\/vestuario-laboral\/protege-a-tus-trabajadores-del-frio\/"},"wordCount":1186,"commentCount":0,"image":{"@id":"https:\/\/shop.iturri.com\/blog\/vestuario-laboral\/protege-a-tus-trabajadores-del-frio\/#primaryimage"},"thumbnailUrl":"https:\/\/shop.iturri.com\/blog\/wp-content\/uploads\/2023\/02\/foto-cabecera-8.jpg","articleSection":["Calzado de Protecci\u00f3n","Consejos","Guantes","Iturri","Vestuario laboral"],"inLanguage":"es","potentialAction":[{"@type":"CommentAction","name":"Comment","target":["https:\/\/shop.iturri.com\/blog\/vestuario-laboral\/protege-a-tus-trabajadores-del-frio\/#respond"]}]},{"@type":"WebPage","@id":"https:\/\/shop.iturri.com\/blog\/vestuario-laboral\/protege-a-tus-trabajadores-del-frio\/","url":"https:\/\/shop.iturri.com\/blog\/vestuario-laboral\/protege-a-tus-trabajadores-del-frio\/","name":"Protege a tus trabajadores del fr\u00edo @ITURRI blog","isPartOf":{"@id":"https:\/\/shop.iturri.com\/blog\/#website"},"primaryImageOfPage":{"@id":"https:\/\/shop.iturri.com\/blog\/vestuario-laboral\/protege-a-tus-trabajadores-del-frio\/#primaryimage"},"image":{"@id":"https:\/\/shop.iturri.com\/blog\/vestuario-laboral\/protege-a-tus-trabajadores-del-frio\/#primaryimage"},"thumbnailUrl":"https:\/\/shop.iturri.com\/blog\/wp-content\/uploads\/2023\/02\/foto-cabecera-8.jpg","datePublished":"2023-02-21T06:50:00+00:00","dateModified":"2023-03-16T16:07:11+00:00","author":{"@id":"https:\/\/shop.iturri.com\/blog\/#\/schema\/person\/bd5e47abb4bec03a513213e488df39f2"},"description":"El uso de una adecuada ropa para el fr\u00edo es importante para la eficiencia en el trabajo y en este post os presentamos prendas para combatirlo","breadcrumb":{"@id":"https:\/\/shop.iturri.com\/blog\/vestuario-laboral\/protege-a-tus-trabajadores-del-frio\/#breadcrumb"},"inLanguage":"es","potentialAction":[{"@type":"ReadAction","target":["https:\/\/shop.iturri.com\/blog\/vestuario-laboral\/protege-a-tus-trabajadores-del-frio\/"]}]},{"@type":"ImageObject","inLanguage":"es","@id":"https:\/\/shop.iturri.com\/blog\/vestuario-laboral\/protege-a-tus-trabajadores-del-frio\/#primaryimage","url":"https:\/\/shop.iturri.com\/blog\/wp-content\/uploads\/2023\/02\/foto-cabecera-8.jpg","contentUrl":"https:\/\/shop.iturri.com\/blog\/wp-content\/uploads\/2023\/02\/foto-cabecera-8.jpg","width":612,"height":408,"caption":"Aprended a vestiros correctamente en condiciones de bajas temperaturas o de lluvia con nuestros consejos y un vestuario laboral adecuado"},{"@type":"BreadcrumbList","@id":"https:\/\/shop.iturri.com\/blog\/vestuario-laboral\/protege-a-tus-trabajadores-del-frio\/#breadcrumb","itemListElement":[{"@type":"ListItem","position":1,"name":"Portada","item":"https:\/\/shop.iturri.com\/blog\/"},{"@type":"ListItem","position":2,"name":"Protege a tus trabajadores del fr\u00edo"}]},{"@type":"WebSite","@id":"https:\/\/shop.iturri.com\/blog\/#website","url":"https:\/\/shop.iturri.com\/blog\/","name":"@ITURRI blog","description":"Blog dedicado a poner en valor los 70 a\u00f1os de experiencia en la protecci\u00f3n de las personas","potentialAction":[{"@type":"SearchAction","target":{"@type":"EntryPoint","urlTemplate":"https:\/\/shop.iturri.com\/blog\/?s={search_term_string}"},"query-input":{"@type":"PropertyValueSpecification","valueRequired":true,"valueName":"search_term_string"}}],"inLanguage":"es"},{"@type":"Person","@id":"https:\/\/shop.iturri.com\/blog\/#\/schema\/person\/bd5e47abb4bec03a513213e488df39f2","name":"CARLOS MARTINEZ SEPULVEDA","image":{"@type":"ImageObject","inLanguage":"es","@id":"https:\/\/secure.gravatar.com\/avatar\/a5c16278e62ddf07969a5503842268483a765a7d0f74f0ccff516afefd0b4dff?s=96&d=mm&r=g","url":"https:\/\/secure.gravatar.com\/avatar\/a5c16278e62ddf07969a5503842268483a765a7d0f74f0ccff516afefd0b4dff?s=96&d=mm&r=g","contentUrl":"https:\/\/secure.gravatar.com\/avatar\/a5c16278e62ddf07969a5503842268483a765a7d0f74f0ccff516afefd0b4dff?s=96&d=mm&r=g","caption":"CARLOS MARTINEZ SEPULVEDA"},"url":"https:\/\/shop.iturri.com\/blog\/author\/carlos-martinez-sepulveda\/"}]}},"_links":{"self":[{"href":"https:\/\/shop.iturri.com\/blog\/wp-json\/wp\/v2\/posts\/8649","targetHints":{"allow":["GET"]}}],"collection":[{"href":"https:\/\/shop.iturri.com\/blog\/wp-json\/wp\/v2\/posts"}],"about":[{"href":"https:\/\/shop.iturri.com\/blog\/wp-json\/wp\/v2\/types\/post"}],"author":[{"embeddable":true,"href":"https:\/\/shop.iturri.com\/blog\/wp-json\/wp\/v2\/users\/38"}],"replies":[{"embeddable":true,"href":"https:\/\/shop.iturri.com\/blog\/wp-json\/wp\/v2\/comments?post=8649"}],"version-history":[{"count":5,"href":"https:\/\/shop.iturri.com\/blog\/wp-json\/wp\/v2\/posts\/8649\/revisions"}],"predecessor-version":[{"id":9068,"href":"https:\/\/shop.iturri.com\/blog\/wp-json\/wp\/v2\/posts\/8649\/revisions\/9068"}],"wp:featuredmedia":[{"embeddable":true,"href":"https:\/\/shop.iturri.com\/blog\/wp-json\/wp\/v2\/media\/8705"}],"wp:attachment":[{"href":"https:\/\/shop.iturri.com\/blog\/wp-json\/wp\/v2\/media?parent=8649"}],"wp:term":[{"taxonomy":"category","embeddable":true,"href":"https:\/\/shop.iturri.com\/blog\/wp-json\/wp\/v2\/categories?post=8649"},{"taxonomy":"post_tag","embeddable":true,"href":"https:\/\/shop.iturri.com\/blog\/wp-json\/wp\/v2\/tags?post=8649"}],"curies":[{"name":"wp","href":"https:\/\/api.w.org\/{rel}","templated":true}]}}