{"id":968,"date":"2021-06-07T12:45:01","date_gmt":"2021-06-07T11:45:01","guid":{"rendered":"http:\/\/shop.iturri.com\/blog\/?p=968"},"modified":"2022-12-05T16:27:33","modified_gmt":"2022-12-05T15:27:33","slug":"vestuario-laboral-confort-productividad","status":"publish","type":"post","link":"https:\/\/shop.iturri.com\/blog\/vestuario\/vestuario-laboral-confort-productividad\/","title":{"rendered":"\u00bfC\u00f3mo afecta el vestuario laboral al CONFORT Y PRODUCTIVIDAD del trabajador?"},"content":{"rendered":"\n<figure class=\"wp-block-image size-large\"><img loading=\"lazy\" decoding=\"async\" width=\"1024\" height=\"576\" src=\"https:\/\/shop.iturri.com\/blog\/wp-content\/uploads\/2021\/06\/Post-confort-3-1024x576.jpg\" alt=\"\" class=\"wp-image-7978\" srcset=\"https:\/\/shop.iturri.com\/blog\/wp-content\/uploads\/2021\/06\/Post-confort-3-1024x576.jpg 1024w, https:\/\/shop.iturri.com\/blog\/wp-content\/uploads\/2021\/06\/Post-confort-3-300x169.jpg 300w, https:\/\/shop.iturri.com\/blog\/wp-content\/uploads\/2021\/06\/Post-confort-3-768x432.jpg 768w, https:\/\/shop.iturri.com\/blog\/wp-content\/uploads\/2021\/06\/Post-confort-3-1536x864.jpg 1536w, https:\/\/shop.iturri.com\/blog\/wp-content\/uploads\/2021\/06\/Post-confort-3-2048x1152.jpg 2048w\" sizes=\"auto, (max-width: 1024px) 100vw, 1024px\" \/><\/figure>\n\n\n\n<p><strong>La importancia del vestuario laboral: <\/strong><br><strong>Maximizar la productividad cuando toda la sociedad est\u00e1 pasando por momentos dif\u00edciles y de inseguridad no es f\u00e1cil.<\/strong><\/p>\n\n\n\n<p>En primer lugar y, sin duda alguna, la protecci\u00f3n y la salud de los trabajadores est\u00e1 siendo, m\u00e1s que nunca, un aspecto crucial para nuestros clientes.&nbsp; <\/p>\n\n\n\n<p>En <a href=\"https:\/\/shop.iturri.com\">ITURRI<\/a> ya llevamos a\u00f1os dedicando todos nuestros esfuerzos en ello y nuestra misi\u00f3n lo dice claro:&nbsp; proteger a las personas y su entorno con soluciones innovadoras, eficientes y sostenibles.<\/p>\n\n\n\n<p>Sin embargo, la salud del trabajador es un concepto muy amplio y hay una tendencia clara de muchas compa\u00f1\u00edas en <strong>mejorar tambi\u00e9n el bienestar o confort del empleado<\/strong>, para promover la motivaci\u00f3n e incrementar la productividad.<\/p>\n\n\n\n<p>La <strong>percepci\u00f3n de confort<\/strong> o falta de malestar es algo muy personal y la vez una combinaci\u00f3n de cuatro factores:<\/p>\n\n\n\n<ol class=\"wp-block-list\">\n<li><strong>Confort Termo-Fisiol\u00f3gico <\/strong><\/li>\n\n\n\n<li><strong>Confort Ergon\u00f3mico<\/strong><\/li>\n\n\n\n<li><strong>Confort Sensorial<\/strong><\/li>\n\n\n\n<li><strong>Confort Psicol\u00f3gico<\/strong><\/li>\n<\/ol>\n\n\n\n<h2 class=\"wp-block-heading\">Confort Termo-Fisiol\u00f3gico <\/h2>\n\n\n\n<figure class=\"wp-block-image size-large\"><img loading=\"lazy\" decoding=\"async\" width=\"1024\" height=\"576\" src=\"https:\/\/shop.iturri.com\/blog\/wp-content\/uploads\/2021\/06\/2-1024x576.png\" alt=\"Confort termo fisiol\u00f3gico en vestuario laboral\n\" class=\"wp-image-982\" srcset=\"https:\/\/shop.iturri.com\/blog\/wp-content\/uploads\/2021\/06\/2-1024x576.png 1024w, https:\/\/shop.iturri.com\/blog\/wp-content\/uploads\/2021\/06\/2-300x169.png 300w, https:\/\/shop.iturri.com\/blog\/wp-content\/uploads\/2021\/06\/2-768x432.png 768w, https:\/\/shop.iturri.com\/blog\/wp-content\/uploads\/2021\/06\/2-1536x864.png 1536w, https:\/\/shop.iturri.com\/blog\/wp-content\/uploads\/2021\/06\/2-2048x1152.png 2048w\" sizes=\"auto, (max-width: 1024px) 100vw, 1024px\" \/><\/figure>\n\n\n\n<p>Hay numerosos estudios de\nc\u00f3mo afecta la temperatura ambiente a la productividad de un trabajador y de\nhecho se dice que la&nbsp;temperatura&nbsp;de&nbsp;confort&nbsp;se sit\u00faa entre los\n18\u00b0C y los 21\u00b0C para una persona en reposo y entre los 16\u00b0C y los 18\u00b0C para una\npersona activa, pero var\u00eda en funci\u00f3n de la labor que se est\u00e9 realizando.<\/p>\n\n\n\n<p>\u00bfC\u00f3mo podemos ofrecer, a trav\u00e9s del vestuario laboral, confort t\u00e9rmico cuando nos enfrentamos a entornos de trabajo muy diversos? Temperatura ambiente, horarios, duraci\u00f3n de los turnos, pa\u00eds, estacionalidad, exposici\u00f3n al sol, etc.<\/p>\n\n\n\n<p>El principio b\u00e1sico de un vestuario laboral  <a href=\"https:\/\/shop.iturri.com\/3-vestuario\">adecuado<\/a> es que no s\u00f3lo facilite el propio mecanismo de termorregulaci\u00f3n del cuerpo humano, sino que adem\u00e1s ayude a retener o liberar calor corporal seg\u00fan aplique.<\/p>\n\n\n\n<p>Estas son las principales\npropiedades que evaluaremos en un tejido para determinar el grado de confort t\u00e9rmico\nque proporcionar\u00e1 en un ambiente y actividad espec\u00edfico:<\/p>\n\n\n\n<ul class=\"wp-block-list\">\n<li><strong>TRANSPIRABILIDAD, <\/strong>que es la propiedad de permitir el paso del vapor de agua (<strong>sudor en fase vapor<\/strong>) a trav\u00e9s de un tejido o Ret (Resistencia Evaporativa). La Norma de ensayo es EN ISO 11092.  En este caso, la estructura del tejido o espacio entre las fibras y el propio volumen y peso de las fibras ser\u00e1n determinantes para una mayor o menor transpirabilidad. Cuanto m\u00e1s queramos que el tejido ayude a liberar calor corporal (actividad f\u00edsica elevada o ambientes calurosos), m\u00e1s transpirable necesitaremos que sea el tejido y menor Ret buscaremos. <\/li>\n<\/ul>\n\n\n\n<p>Sin embargo, el Ret no nos dar\u00e1 suficiente informaci\u00f3n de la propiedad de gesti\u00f3n del sudor de un tejido. Necesitamos evaluar tambi\u00e9n como se comportar\u00e1 el tejido cuando el <strong>sudor pase a estado l\u00edquido. <\/strong><\/p>\n\n\n\n<ul class=\"wp-block-list\">\n<li><strong>MOISTURE-MANAGEMENT<\/strong> o Capacidad de transporte de humedad del tejido (OMMC), es calculado mediante una combinaci\u00f3n de capacidad de absorci\u00f3n del sudor y capilaridad o propagaci\u00f3n de la humedad a trav\u00e9s del tejido, y es clave para determinar la capacidad de gesti\u00f3n del sudor en estado l\u00edquido por parte del tejido. Seg\u00fan la norma AATCC TM, los tejidos se clasifican del 1 al &gt;4, y buscaremos la mayor clasificaci\u00f3n.  La tecnolog\u00eda textil ha avanzado mucho y hoy en d\u00eda podemos ofrecer fibras con estructuras especiales que se convierten en un m\u00e9todo de transporte r\u00e1pido y eficaz de la humedad o sudor, y al tener menor humedad por superficie del tejido favorecemos un secado m\u00e1s r\u00e1pido. <\/li>\n<\/ul>\n\n\n\n<ul class=\"wp-block-list\">\n<li><strong>TIEMPO DE SECADO. <\/strong>Una vez que el tejido absorbe la humedad de la piel, queremos que el tiempo de evaporaci\u00f3n de esa humedad sea el m\u00ednimo posible para que usuario se sienta fresco y seco.<\/li>\n<\/ul>\n\n\n\n<ul class=\"wp-block-list\">\n<li><strong>AISLAMIENTO TERMICO:<\/strong> es la capacidad o resistencia del tejido ante el paso de calor corporal y lo mediremos especialmente en prendas de protecci\u00f3n contra el fr\u00edo. Es decir, necesitaremos tejidos con altas resistencia al paso de calor para as\u00ed conseguir un aislamiento alto. La medici\u00f3n del aislamiento t\u00e9rmico se realiza con la Norma EN ISO 11092.  Para ambientes fr\u00edos de -5\u00ba o mayores, mediremos el Aislamiento t\u00e9rmico efectivo resultante, Icler, que es el aislamiento t\u00e9rmico, en condiciones definidas, entre la piel y la superficie externa de la ropa y medido mediante un maniqu\u00ed m\u00f3vil. Este par\u00e1metro se mide dentro de la norma <a href=\"https:\/\/shop.iturri.com\/758-vestuario-proteccion-frio\/s-4\/normativa-en_14058\">UNE-EN 14058<\/a> que especifica los requisitos de prendas de protecci\u00f3n contra ambientes fr\u00edos.<\/li>\n<\/ul>\n\n\n\n<h2 class=\"wp-block-heading\">Confort Sensorial<\/h2>\n\n\n\n<figure class=\"wp-block-image\"><img loading=\"lazy\" decoding=\"async\" width=\"1024\" height=\"576\" src=\"https:\/\/shop.iturri.com\/blog\/wp-content\/uploads\/2021\/06\/3-1024x576.png\" alt=\"confort con el vestuario laboral\" class=\"wp-image-983\" srcset=\"https:\/\/shop.iturri.com\/blog\/wp-content\/uploads\/2021\/06\/3-1024x576.png 1024w, https:\/\/shop.iturri.com\/blog\/wp-content\/uploads\/2021\/06\/3-300x169.png 300w, https:\/\/shop.iturri.com\/blog\/wp-content\/uploads\/2021\/06\/3-768x432.png 768w, https:\/\/shop.iturri.com\/blog\/wp-content\/uploads\/2021\/06\/3-1536x864.png 1536w, https:\/\/shop.iturri.com\/blog\/wp-content\/uploads\/2021\/06\/3-2048x1152.png 2048w\" sizes=\"auto, (max-width: 1024px) 100vw, 1024px\" \/><\/figure>\n\n\n\n<p>El tacto de un tejido se relaciona con sensaciones\nagradables\/desagradables producidas al entrar en contacto con la mano u otra\nparte del cuerpo.<\/p>\n\n\n\n<p>En general, para prendas de primera capa y en contacto\ndirecto con la piel, nos decantamos por tejidos con fibras naturales en su interior\no fibras artificiales que consigan el mismo efecto en la piel.<\/p>\n\n\n\n<p>Adem\u00e1s, evitamos elementos decorativos y dise\u00f1os que\npuedan ocasionar malestar al trabajador, como bordados de grandes dimensiones\nen la espalda, elementos reflectantes que no tengan como objetivo proteger al\ntrabajador frente a un riesgo de baja visibilidad, cuellos demasiado r\u00edgidos,\netc.<\/p>\n\n\n\n<h2 class=\"wp-block-heading\">Confort Ergon\u00f3mico<\/h2>\n\n\n\n<figure class=\"wp-block-image\"><img loading=\"lazy\" decoding=\"async\" width=\"1024\" height=\"576\" src=\"https:\/\/shop.iturri.com\/blog\/wp-content\/uploads\/2021\/06\/Post-confort-2-1024x576.png\" alt=\"vestuario laboral ergon\u00f3mico\" class=\"wp-image-988\" srcset=\"https:\/\/shop.iturri.com\/blog\/wp-content\/uploads\/2021\/06\/Post-confort-2-1024x576.png 1024w, https:\/\/shop.iturri.com\/blog\/wp-content\/uploads\/2021\/06\/Post-confort-2-300x169.png 300w, https:\/\/shop.iturri.com\/blog\/wp-content\/uploads\/2021\/06\/Post-confort-2-768x432.png 768w, https:\/\/shop.iturri.com\/blog\/wp-content\/uploads\/2021\/06\/Post-confort-2-1536x864.png 1536w, https:\/\/shop.iturri.com\/blog\/wp-content\/uploads\/2021\/06\/Post-confort-2-2048x1152.png 2048w\" sizes=\"auto, (max-width: 1024px) 100vw, 1024px\" \/><\/figure>\n\n\n\n<p>Disponer de vestuario laboal ergon\u00f3mico, que ofrezcan libertad de movimiento, tanto por su patronaje como por la elecci\u00f3n de tejidos el\u00e1sticos si el usuario realiza un trabajo especialmente activo, as\u00ed como dise\u00f1ar teniendo en cuenta cada detalle de la operativa de cada puesto es nuestro d\u00eda a d\u00eda.<\/p>\n\n\n\n<p>Nuestra larga\ntrayectoria nos permite identificar qu\u00e9 dise\u00f1os se adaptan mejor a cada tipo de\ntrabajo y, por ello, nos gusta acompa\u00f1ar a nuestros clientes en el proceso de\ndise\u00f1o de su uniformidad, insistiendo mucho en la realizaci\u00f3n de visitas y\nentrevistas a los empleados, como parte de nuestra auditoria 4Ejes, para as\u00ed\nelegir el producto m\u00e1s funcional para ellos.&nbsp;\n<\/p>\n\n\n\n<blockquote class=\"wp-block-quote is-layout-flow wp-block-quote-is-layout-flow\">\n<p>Un buen producto es m\u00e1s que un dise\u00f1o bonito. <\/p>\n<\/blockquote>\n\n\n\n<h2 class=\"wp-block-heading\">Confort Psicol\u00f3gico<\/h2>\n\n\n\n<figure class=\"wp-block-image size-large\"><img loading=\"lazy\" decoding=\"async\" width=\"1024\" height=\"576\" src=\"https:\/\/shop.iturri.com\/blog\/wp-content\/uploads\/2021\/06\/Post-confort-5-2-1024x576.jpg\" alt=\"\" class=\"wp-image-7996\" srcset=\"https:\/\/shop.iturri.com\/blog\/wp-content\/uploads\/2021\/06\/Post-confort-5-2-1024x576.jpg 1024w, https:\/\/shop.iturri.com\/blog\/wp-content\/uploads\/2021\/06\/Post-confort-5-2-300x169.jpg 300w, https:\/\/shop.iturri.com\/blog\/wp-content\/uploads\/2021\/06\/Post-confort-5-2-768x432.jpg 768w, https:\/\/shop.iturri.com\/blog\/wp-content\/uploads\/2021\/06\/Post-confort-5-2-1536x864.jpg 1536w, https:\/\/shop.iturri.com\/blog\/wp-content\/uploads\/2021\/06\/Post-confort-5-2-2048x1152.jpg 2048w\" sizes=\"auto, (max-width: 1024px) 100vw, 1024px\" \/><\/figure>\n\n\n\n<p>Ofrecer un tallaje adecuado mejora sin duda el confort ergon\u00f3mico. Sin embargo, tiene una componente psicol\u00f3gica que inicialmente puede pasar desapercibida, pero puede llegar a ser una de las mayores causas de descontento en un vestuario laboral de uniformidad que vista a un gran n\u00famero de personas. <\/p>\n\n\n\n<p>Para nosotros\nes esencial disponer de tallaje masculino y femenino, as\u00ed como patrones\nadaptativos a distintos colectivos. Gracias a nuestra herramienta de tallaje\ndigital, FindMySize, podemos prever la edad, altura y peso medio del colectivo\nal que vamos a vestir para poder adaptar nuestro rango de tallas e incluso\npatrones para maximizar la adaptaci\u00f3n de nuestro vestuario a todos los\nempleados. Adem\u00e1s, nos ayuda a minimizar las tallas especiales, que no favorece\na la inclusi\u00f3n y ocasiona malestar en los trabajadores y en los equipos de\ngesti\u00f3n de nuestros clientes.<\/p>\n\n\n\n<p>Por \u00faltimo,\nofrecer tejidos duraderos y de f\u00e1cil mantenimiento que favorezca una imagen\nimpecable durante todo momento.&nbsp; Tejidos\nque apenas se arrugan, resistentes al roce, anti-pilling, que no se deforman y\nmantienen los colores desde el primer lavado hasta la siguiente dotaci\u00f3n, as\u00ed\ncomo tejidos antimanchas para entornos industriales, hosteler\u00eda o\nsupermercados. Cada tejido que ofrecemos pasa por una bater\u00eda extensa de\nensayos para comprobar sus propiedades mec\u00e1nicas en original y tras 50 lavados.<\/p>\n\n\n\n<p>De nada sirve\nun fit perfecto si la prenda est\u00e1 desgastada. Descuidar la imagen de un\ntrabajador no s\u00f3lo afecta la marca de la empresa sino la propia autoestima y\nproductividad del trabajador. <\/p>\n\n\n\n<blockquote class=\"wp-block-quote is-layout-flow wp-block-quote-is-layout-flow\">\n<p>\u00bfC\u00f3mo crees que te saldr\u00eda una entrevista de trabajo si te obligaran a vestir con un atuendo viejo? <\/p>\n<\/blockquote>\n\n\n\n<p><\/p>\n\n\n\n<p>Como veis, la ciencia detr\u00e1s de la percepci\u00f3n del confort es bien compleja y es por ello que tanto laboratorios como fabricantes de uniformidad estamos en un proceso de investigaci\u00f3n y mejora continua para acertar cada vez m\u00e1s y ofrecer el producto perfecto para nuestros clientes.<\/p>\n\n\n\n<p>\u00bfTe gustar\u00eda saber m\u00e1s? \u00bfTe gustar\u00eda que hici\u00e9ramos una evaluaci\u00f3n del grado de confort del vestuario laboral de tu empresa? <\/p>\n\n\n\n<p><a href=\"https:\/\/shop.iturri.com\/contacto\">Contacta con nosotros.<\/a> <\/p>\n","protected":false},"excerpt":{"rendered":"<p>La importancia del vestuario laboral: Maximizar la productividad cuando toda la sociedad est\u00e1 pasando por momentos dif\u00edciles y de inseguridad no es f\u00e1cil. En primer lugar y, sin duda alguna, la protecci\u00f3n y la salud de los trabajadores est\u00e1 siendo, m\u00e1s que nunca, un aspecto crucial para nuestros clientes.&nbsp; En ITURRI ya llevamos a\u00f1os dedicando [&hellip;]<\/p>\n","protected":false},"author":11,"featured_media":7978,"comment_status":"open","ping_status":"open","sticky":false,"template":"","format":"standard","meta":{"footnotes":""},"categories":[64],"tags":[],"class_list":["post-968","post","type-post","status-publish","format-standard","has-post-thumbnail","hentry","category-vestuario"],"yoast_head":"<!-- This site is optimized with the Yoast SEO plugin v27.3 - https:\/\/yoast.com\/product\/yoast-seo-wordpress\/ -->\n<title>Vestuario laboral: confort y productividad en el trabajo - @ITURRI blog<\/title>\n<meta name=\"description\" content=\"Analizamos las variables que afectan al trabajador, relacionadas con el vestuario laboral, en el confort y productividad en sus puestos de trabajo.\" \/>\n<meta name=\"robots\" content=\"index, follow, max-snippet:-1, max-image-preview:large, max-video-preview:-1\" \/>\n<link rel=\"canonical\" href=\"https:\/\/shop.iturri.com\/blog\/vestuario\/vestuario-laboral-confort-productividad\/\" \/>\n<meta property=\"og:locale\" content=\"es_ES\" \/>\n<meta property=\"og:type\" content=\"article\" \/>\n<meta property=\"og:title\" content=\"Vestuario laboral: confort y productividad en el trabajo - @ITURRI blog\" \/>\n<meta property=\"og:description\" content=\"Analizamos las variables que afectan al trabajador, relacionadas con el vestuario laboral, en el confort y productividad en sus puestos de trabajo.\" \/>\n<meta property=\"og:url\" content=\"https:\/\/shop.iturri.com\/blog\/vestuario\/vestuario-laboral-confort-productividad\/\" \/>\n<meta property=\"og:site_name\" content=\"@ITURRI blog\" \/>\n<meta property=\"article:published_time\" content=\"2021-06-07T11:45:01+00:00\" \/>\n<meta property=\"article:modified_time\" content=\"2022-12-05T15:27:33+00:00\" \/>\n<meta property=\"og:image\" content=\"https:\/\/shop.iturri.com\/blog\/wp-content\/uploads\/2021\/06\/Post-confort-3.jpg\" \/>\n\t<meta property=\"og:image:width\" content=\"2240\" \/>\n\t<meta property=\"og:image:height\" content=\"1260\" \/>\n\t<meta property=\"og:image:type\" content=\"image\/jpeg\" \/>\n<meta name=\"author\" content=\"Cristina Nieto Coronado\" \/>\n<meta name=\"twitter:card\" content=\"summary_large_image\" \/>\n<meta name=\"twitter:label1\" content=\"Escrito por\" \/>\n\t<meta name=\"twitter:data1\" content=\"Cristina Nieto Coronado\" \/>\n\t<meta name=\"twitter:label2\" content=\"Tiempo de lectura\" \/>\n\t<meta name=\"twitter:data2\" content=\"7 minutos\" \/>\n<script type=\"application\/ld+json\" class=\"yoast-schema-graph\">{\"@context\":\"https:\\\/\\\/schema.org\",\"@graph\":[{\"@type\":\"Article\",\"@id\":\"https:\\\/\\\/shop.iturri.com\\\/blog\\\/vestuario\\\/vestuario-laboral-confort-productividad\\\/#article\",\"isPartOf\":{\"@id\":\"https:\\\/\\\/shop.iturri.com\\\/blog\\\/vestuario\\\/vestuario-laboral-confort-productividad\\\/\"},\"author\":{\"name\":\"Cristina Nieto Coronado\",\"@id\":\"https:\\\/\\\/shop.iturri.com\\\/blog\\\/#\\\/schema\\\/person\\\/3a2d8e9f19a1c1777fcf5e2837a142d9\"},\"headline\":\"\u00bfC\u00f3mo afecta el vestuario laboral al CONFORT Y PRODUCTIVIDAD del trabajador?\",\"datePublished\":\"2021-06-07T11:45:01+00:00\",\"dateModified\":\"2022-12-05T15:27:33+00:00\",\"mainEntityOfPage\":{\"@id\":\"https:\\\/\\\/shop.iturri.com\\\/blog\\\/vestuario\\\/vestuario-laboral-confort-productividad\\\/\"},\"wordCount\":1363,\"commentCount\":0,\"image\":{\"@id\":\"https:\\\/\\\/shop.iturri.com\\\/blog\\\/vestuario\\\/vestuario-laboral-confort-productividad\\\/#primaryimage\"},\"thumbnailUrl\":\"https:\\\/\\\/shop.iturri.com\\\/blog\\\/wp-content\\\/uploads\\\/2021\\\/06\\\/Post-confort-3.jpg\",\"articleSection\":[\"Vestuario\"],\"inLanguage\":\"es\",\"potentialAction\":[{\"@type\":\"CommentAction\",\"name\":\"Comment\",\"target\":[\"https:\\\/\\\/shop.iturri.com\\\/blog\\\/vestuario\\\/vestuario-laboral-confort-productividad\\\/#respond\"]}]},{\"@type\":\"WebPage\",\"@id\":\"https:\\\/\\\/shop.iturri.com\\\/blog\\\/vestuario\\\/vestuario-laboral-confort-productividad\\\/\",\"url\":\"https:\\\/\\\/shop.iturri.com\\\/blog\\\/vestuario\\\/vestuario-laboral-confort-productividad\\\/\",\"name\":\"Vestuario laboral: confort y productividad en el trabajo - @ITURRI blog\",\"isPartOf\":{\"@id\":\"https:\\\/\\\/shop.iturri.com\\\/blog\\\/#website\"},\"primaryImageOfPage\":{\"@id\":\"https:\\\/\\\/shop.iturri.com\\\/blog\\\/vestuario\\\/vestuario-laboral-confort-productividad\\\/#primaryimage\"},\"image\":{\"@id\":\"https:\\\/\\\/shop.iturri.com\\\/blog\\\/vestuario\\\/vestuario-laboral-confort-productividad\\\/#primaryimage\"},\"thumbnailUrl\":\"https:\\\/\\\/shop.iturri.com\\\/blog\\\/wp-content\\\/uploads\\\/2021\\\/06\\\/Post-confort-3.jpg\",\"datePublished\":\"2021-06-07T11:45:01+00:00\",\"dateModified\":\"2022-12-05T15:27:33+00:00\",\"author\":{\"@id\":\"https:\\\/\\\/shop.iturri.com\\\/blog\\\/#\\\/schema\\\/person\\\/3a2d8e9f19a1c1777fcf5e2837a142d9\"},\"description\":\"Analizamos las variables que afectan al trabajador, relacionadas con el vestuario laboral, en el confort y productividad en sus puestos de trabajo.\",\"breadcrumb\":{\"@id\":\"https:\\\/\\\/shop.iturri.com\\\/blog\\\/vestuario\\\/vestuario-laboral-confort-productividad\\\/#breadcrumb\"},\"inLanguage\":\"es\",\"potentialAction\":[{\"@type\":\"ReadAction\",\"target\":[\"https:\\\/\\\/shop.iturri.com\\\/blog\\\/vestuario\\\/vestuario-laboral-confort-productividad\\\/\"]}]},{\"@type\":\"ImageObject\",\"inLanguage\":\"es\",\"@id\":\"https:\\\/\\\/shop.iturri.com\\\/blog\\\/vestuario\\\/vestuario-laboral-confort-productividad\\\/#primaryimage\",\"url\":\"https:\\\/\\\/shop.iturri.com\\\/blog\\\/wp-content\\\/uploads\\\/2021\\\/06\\\/Post-confort-3.jpg\",\"contentUrl\":\"https:\\\/\\\/shop.iturri.com\\\/blog\\\/wp-content\\\/uploads\\\/2021\\\/06\\\/Post-confort-3.jpg\",\"width\":2240,\"height\":1260},{\"@type\":\"BreadcrumbList\",\"@id\":\"https:\\\/\\\/shop.iturri.com\\\/blog\\\/vestuario\\\/vestuario-laboral-confort-productividad\\\/#breadcrumb\",\"itemListElement\":[{\"@type\":\"ListItem\",\"position\":1,\"name\":\"Portada\",\"item\":\"https:\\\/\\\/shop.iturri.com\\\/blog\\\/\"},{\"@type\":\"ListItem\",\"position\":2,\"name\":\"\u00bfC\u00f3mo afecta el vestuario laboral al CONFORT Y PRODUCTIVIDAD del trabajador?\"}]},{\"@type\":\"WebSite\",\"@id\":\"https:\\\/\\\/shop.iturri.com\\\/blog\\\/#website\",\"url\":\"https:\\\/\\\/shop.iturri.com\\\/blog\\\/\",\"name\":\"@ITURRI blog\",\"description\":\"Blog dedicado a poner en valor los 70 a\u00f1os de experiencia en la protecci\u00f3n de las personas\",\"potentialAction\":[{\"@type\":\"SearchAction\",\"target\":{\"@type\":\"EntryPoint\",\"urlTemplate\":\"https:\\\/\\\/shop.iturri.com\\\/blog\\\/?s={search_term_string}\"},\"query-input\":{\"@type\":\"PropertyValueSpecification\",\"valueRequired\":true,\"valueName\":\"search_term_string\"}}],\"inLanguage\":\"es\"},{\"@type\":\"Person\",\"@id\":\"https:\\\/\\\/shop.iturri.com\\\/blog\\\/#\\\/schema\\\/person\\\/3a2d8e9f19a1c1777fcf5e2837a142d9\",\"name\":\"Cristina Nieto Coronado\",\"image\":{\"@type\":\"ImageObject\",\"inLanguage\":\"es\",\"@id\":\"https:\\\/\\\/secure.gravatar.com\\\/avatar\\\/6eb5e13e7cbe5e0e285036fd871b6e5c3f07f32f88a89a358734f3d923597bbf?s=96&d=mm&r=g\",\"url\":\"https:\\\/\\\/secure.gravatar.com\\\/avatar\\\/6eb5e13e7cbe5e0e285036fd871b6e5c3f07f32f88a89a358734f3d923597bbf?s=96&d=mm&r=g\",\"contentUrl\":\"https:\\\/\\\/secure.gravatar.com\\\/avatar\\\/6eb5e13e7cbe5e0e285036fd871b6e5c3f07f32f88a89a358734f3d923597bbf?s=96&d=mm&r=g\",\"caption\":\"Cristina Nieto Coronado\"},\"sameAs\":[\"https:\\\/\\\/shop.iturri.com\"],\"url\":\"https:\\\/\\\/shop.iturri.com\\\/blog\\\/author\\\/cristina-nieto\\\/\"}]}<\/script>\n<!-- \/ Yoast SEO plugin. -->","yoast_head_json":{"title":"Vestuario laboral: confort y productividad en el trabajo - @ITURRI blog","description":"Analizamos las variables que afectan al trabajador, relacionadas con el vestuario laboral, en el confort y productividad en sus puestos de trabajo.","robots":{"index":"index","follow":"follow","max-snippet":"max-snippet:-1","max-image-preview":"max-image-preview:large","max-video-preview":"max-video-preview:-1"},"canonical":"https:\/\/shop.iturri.com\/blog\/vestuario\/vestuario-laboral-confort-productividad\/","og_locale":"es_ES","og_type":"article","og_title":"Vestuario laboral: confort y productividad en el trabajo - @ITURRI blog","og_description":"Analizamos las variables que afectan al trabajador, relacionadas con el vestuario laboral, en el confort y productividad en sus puestos de trabajo.","og_url":"https:\/\/shop.iturri.com\/blog\/vestuario\/vestuario-laboral-confort-productividad\/","og_site_name":"@ITURRI blog","article_published_time":"2021-06-07T11:45:01+00:00","article_modified_time":"2022-12-05T15:27:33+00:00","og_image":[{"width":2240,"height":1260,"url":"https:\/\/shop.iturri.com\/blog\/wp-content\/uploads\/2021\/06\/Post-confort-3.jpg","type":"image\/jpeg"}],"author":"Cristina Nieto Coronado","twitter_card":"summary_large_image","twitter_misc":{"Escrito por":"Cristina Nieto Coronado","Tiempo de lectura":"7 minutos"},"schema":{"@context":"https:\/\/schema.org","@graph":[{"@type":"Article","@id":"https:\/\/shop.iturri.com\/blog\/vestuario\/vestuario-laboral-confort-productividad\/#article","isPartOf":{"@id":"https:\/\/shop.iturri.com\/blog\/vestuario\/vestuario-laboral-confort-productividad\/"},"author":{"name":"Cristina Nieto Coronado","@id":"https:\/\/shop.iturri.com\/blog\/#\/schema\/person\/3a2d8e9f19a1c1777fcf5e2837a142d9"},"headline":"\u00bfC\u00f3mo afecta el vestuario laboral al CONFORT Y PRODUCTIVIDAD del trabajador?","datePublished":"2021-06-07T11:45:01+00:00","dateModified":"2022-12-05T15:27:33+00:00","mainEntityOfPage":{"@id":"https:\/\/shop.iturri.com\/blog\/vestuario\/vestuario-laboral-confort-productividad\/"},"wordCount":1363,"commentCount":0,"image":{"@id":"https:\/\/shop.iturri.com\/blog\/vestuario\/vestuario-laboral-confort-productividad\/#primaryimage"},"thumbnailUrl":"https:\/\/shop.iturri.com\/blog\/wp-content\/uploads\/2021\/06\/Post-confort-3.jpg","articleSection":["Vestuario"],"inLanguage":"es","potentialAction":[{"@type":"CommentAction","name":"Comment","target":["https:\/\/shop.iturri.com\/blog\/vestuario\/vestuario-laboral-confort-productividad\/#respond"]}]},{"@type":"WebPage","@id":"https:\/\/shop.iturri.com\/blog\/vestuario\/vestuario-laboral-confort-productividad\/","url":"https:\/\/shop.iturri.com\/blog\/vestuario\/vestuario-laboral-confort-productividad\/","name":"Vestuario laboral: confort y productividad en el trabajo - @ITURRI blog","isPartOf":{"@id":"https:\/\/shop.iturri.com\/blog\/#website"},"primaryImageOfPage":{"@id":"https:\/\/shop.iturri.com\/blog\/vestuario\/vestuario-laboral-confort-productividad\/#primaryimage"},"image":{"@id":"https:\/\/shop.iturri.com\/blog\/vestuario\/vestuario-laboral-confort-productividad\/#primaryimage"},"thumbnailUrl":"https:\/\/shop.iturri.com\/blog\/wp-content\/uploads\/2021\/06\/Post-confort-3.jpg","datePublished":"2021-06-07T11:45:01+00:00","dateModified":"2022-12-05T15:27:33+00:00","author":{"@id":"https:\/\/shop.iturri.com\/blog\/#\/schema\/person\/3a2d8e9f19a1c1777fcf5e2837a142d9"},"description":"Analizamos las variables que afectan al trabajador, relacionadas con el vestuario laboral, en el confort y productividad en sus puestos de trabajo.","breadcrumb":{"@id":"https:\/\/shop.iturri.com\/blog\/vestuario\/vestuario-laboral-confort-productividad\/#breadcrumb"},"inLanguage":"es","potentialAction":[{"@type":"ReadAction","target":["https:\/\/shop.iturri.com\/blog\/vestuario\/vestuario-laboral-confort-productividad\/"]}]},{"@type":"ImageObject","inLanguage":"es","@id":"https:\/\/shop.iturri.com\/blog\/vestuario\/vestuario-laboral-confort-productividad\/#primaryimage","url":"https:\/\/shop.iturri.com\/blog\/wp-content\/uploads\/2021\/06\/Post-confort-3.jpg","contentUrl":"https:\/\/shop.iturri.com\/blog\/wp-content\/uploads\/2021\/06\/Post-confort-3.jpg","width":2240,"height":1260},{"@type":"BreadcrumbList","@id":"https:\/\/shop.iturri.com\/blog\/vestuario\/vestuario-laboral-confort-productividad\/#breadcrumb","itemListElement":[{"@type":"ListItem","position":1,"name":"Portada","item":"https:\/\/shop.iturri.com\/blog\/"},{"@type":"ListItem","position":2,"name":"\u00bfC\u00f3mo afecta el vestuario laboral al CONFORT Y PRODUCTIVIDAD del trabajador?"}]},{"@type":"WebSite","@id":"https:\/\/shop.iturri.com\/blog\/#website","url":"https:\/\/shop.iturri.com\/blog\/","name":"@ITURRI blog","description":"Blog dedicado a poner en valor los 70 a\u00f1os de experiencia en la protecci\u00f3n de las personas","potentialAction":[{"@type":"SearchAction","target":{"@type":"EntryPoint","urlTemplate":"https:\/\/shop.iturri.com\/blog\/?s={search_term_string}"},"query-input":{"@type":"PropertyValueSpecification","valueRequired":true,"valueName":"search_term_string"}}],"inLanguage":"es"},{"@type":"Person","@id":"https:\/\/shop.iturri.com\/blog\/#\/schema\/person\/3a2d8e9f19a1c1777fcf5e2837a142d9","name":"Cristina Nieto Coronado","image":{"@type":"ImageObject","inLanguage":"es","@id":"https:\/\/secure.gravatar.com\/avatar\/6eb5e13e7cbe5e0e285036fd871b6e5c3f07f32f88a89a358734f3d923597bbf?s=96&d=mm&r=g","url":"https:\/\/secure.gravatar.com\/avatar\/6eb5e13e7cbe5e0e285036fd871b6e5c3f07f32f88a89a358734f3d923597bbf?s=96&d=mm&r=g","contentUrl":"https:\/\/secure.gravatar.com\/avatar\/6eb5e13e7cbe5e0e285036fd871b6e5c3f07f32f88a89a358734f3d923597bbf?s=96&d=mm&r=g","caption":"Cristina Nieto Coronado"},"sameAs":["https:\/\/shop.iturri.com"],"url":"https:\/\/shop.iturri.com\/blog\/author\/cristina-nieto\/"}]}},"_links":{"self":[{"href":"https:\/\/shop.iturri.com\/blog\/wp-json\/wp\/v2\/posts\/968","targetHints":{"allow":["GET"]}}],"collection":[{"href":"https:\/\/shop.iturri.com\/blog\/wp-json\/wp\/v2\/posts"}],"about":[{"href":"https:\/\/shop.iturri.com\/blog\/wp-json\/wp\/v2\/types\/post"}],"author":[{"embeddable":true,"href":"https:\/\/shop.iturri.com\/blog\/wp-json\/wp\/v2\/users\/11"}],"replies":[{"embeddable":true,"href":"https:\/\/shop.iturri.com\/blog\/wp-json\/wp\/v2\/comments?post=968"}],"version-history":[{"count":5,"href":"https:\/\/shop.iturri.com\/blog\/wp-json\/wp\/v2\/posts\/968\/revisions"}],"predecessor-version":[{"id":7998,"href":"https:\/\/shop.iturri.com\/blog\/wp-json\/wp\/v2\/posts\/968\/revisions\/7998"}],"wp:featuredmedia":[{"embeddable":true,"href":"https:\/\/shop.iturri.com\/blog\/wp-json\/wp\/v2\/media\/7978"}],"wp:attachment":[{"href":"https:\/\/shop.iturri.com\/blog\/wp-json\/wp\/v2\/media?parent=968"}],"wp:term":[{"taxonomy":"category","embeddable":true,"href":"https:\/\/shop.iturri.com\/blog\/wp-json\/wp\/v2\/categories?post=968"},{"taxonomy":"post_tag","embeddable":true,"href":"https:\/\/shop.iturri.com\/blog\/wp-json\/wp\/v2\/tags?post=968"}],"curies":[{"name":"wp","href":"https:\/\/api.w.org\/{rel}","templated":true}]}}